{"id":187861,"date":"2025-01-31T11:49:23","date_gmt":"2025-01-31T14:49:23","guid":{"rendered":"https:\/\/corrientesdetarde.com\/?p=187861"},"modified":"2025-01-31T11:49:47","modified_gmt":"2025-01-31T14:49:47","slug":"sufrida-victoria-para-brasil-ante-ecuador-por-el-sudamericano-sub-20","status":"publish","type":"post","link":"https:\/\/corrientesdetarde.com\/index.php\/deportes\/sufrida-victoria-para-brasil-ante-ecuador-por-el-sudamericano-sub-20\/","title":{"rendered":"Sufrida victoria para Brasil ante Ecuador por el Sudamericano Sub 20"},"content":{"rendered":"\n<h2 class=\"wp-block-heading\">La selecci\u00f3n verde y amarilla ganaba 3-0, pero en una r\u00e1faga de goles, los ecuatorianos se pusieron a uno, aunque no les alcanz\u00f3<\/h2>\n\n\n\n<p>La Selecci\u00f3n de Brasil Sub 20 derrot\u00f3 este jueves a Ecuador por 3-2, en un encuentro correspondiente a la cuarta fecha del Grupo B del Sudamericano de la categor\u00eda, llevado a cabo en el Estadio Polideportivo Misael Delgado, en Venezuela.<\/p>\n\n\n\n<p>Los goles para los brasile\u00f1os los convirtieron Iago, a los 25 minutos, y Deivid Washington por duplicado, a los 27\u00b4 y 46 minutos, todos en el primer tiempo, mientras que para los ecuatorianos descontaron Allen Obando, a los 31 minutos del complemento, y la joya Kendry Paez de penal, a los 39\u00b4 del mismo periodo.<\/p>\n\n\n\n<p>Con este triunfo, el conjunto dirigido por Ram\u00f3n Menezes se coloc\u00f3 tercero en el Grupo B -clasifican al hexagonal final los tres primeros- y cuenta con grandes chances de sellar su clasificaci\u00f3n a la siguiente ronda frente a Colombia en la \u00faltima jornada de la fase de grupos, este s\u00e1bado desde las 18:00 (horas).<\/p>\n\n\n\n<p>Por su parte, Ecuador, todav\u00eda puede clasificar al hexagonal si logra sumar de a tres y los brasile\u00f1os caen ante los \u201cCafeteros\u201d, pero para ello deber\u00e1 vencer a la Selecci\u00f3n argentina, l\u00edder del Grupo B, el mismo d\u00eda y horario.<\/p>\n\n\n\n<p>La selecci\u00f3n juvenil carioca comenz\u00f3 dominando las ocasiones y logr\u00f3 golpear duro a la \u201cTricolor\u201d con una r\u00e1faga de goles en dos minutos por medio de Iago, de cabeza tras un centro desde el c\u00f3rner, y Washington, quien ampli\u00f3 la ventaja por la misma v\u00eda que su compatriota.<\/p>\n\n\n\n<p>Sobre el cierre de la primera etapa, nuevamente Washington convirti\u00f3 el tercer tanto del duelo, segundo para \u00e9l, luego de conectar un cabezazo desde un tiro libre que cay\u00f3 dirigido hacia donde estaba ubicado el delantero.<\/p>\n\n\n\n<p>Cuando todo parec\u00eda que el marcador no sufrir\u00eda modificaciones, Ecuador despert\u00f3 y marc\u00f3 dos goles en ocho minutos para complicar a Brasil.<\/p>\n\n\n\n<p>Allen Obando aprovech\u00f3 un error en la salida del guardameta Robert, a los 31 minutos, y descont\u00f3 para los suyos, quienes volvieron a meterse en el partido por medio de Kendry P\u00e1ez, comprado por el Chelsea de Inglaterra, desde los doce pasos a falta de seis minutos para el final.<\/p>\n\n\n\n<p>No obstante, pese a la ilusi\u00f3n, la \u201cTri\u201d no pudo conseguir la igualdad y se complic\u00f3 su sue\u00f1o de disputar la siguiente ronda del certamen.<\/p>\n","protected":false},"excerpt":{"rendered":"<p>La selecci\u00f3n verde y amarilla ganaba 3-0, pero en una r\u00e1faga de goles, los ecuatorianos se pusieron a uno, aunque no les alcanz\u00f3 La Selecci\u00f3n de Brasil Sub 20 derrot\u00f3&hellip; <\/p>\n","protected":false},"author":4,"featured_media":187862,"comment_status":"closed","ping_status":"open","sticky":false,"template":"","format":"standard","meta":{"footnotes":""},"categories":[4],"tags":[],"class_list":["post-187861","post","type-post","status-publish","format-standard","has-post-thumbnail","hentry","category-deportes"],"_links":{"self":[{"href":"https:\/\/corrientesdetarde.com\/index.php\/wp-json\/wp\/v2\/posts\/187861","targetHints":{"allow":["GET"]}}],"collection":[{"href":"https:\/\/corrientesdetarde.com\/index.php\/wp-json\/wp\/v2\/posts"}],"about":[{"href":"https:\/\/corrientesdetarde.com\/index.php\/wp-json\/wp\/v2\/types\/post"}],"author":[{"embeddable":true,"href":"https:\/\/corrientesdetarde.com\/index.php\/wp-json\/wp\/v2\/users\/4"}],"replies":[{"embeddable":true,"href":"https:\/\/corrientesdetarde.com\/index.php\/wp-json\/wp\/v2\/comments?post=187861"}],"version-history":[{"count":1,"href":"https:\/\/corrientesdetarde.com\/index.php\/wp-json\/wp\/v2\/posts\/187861\/revisions"}],"predecessor-version":[{"id":187863,"href":"https:\/\/corrientesdetarde.com\/index.php\/wp-json\/wp\/v2\/posts\/187861\/revisions\/187863"}],"wp:featuredmedia":[{"embeddable":true,"href":"https:\/\/corrientesdetarde.com\/index.php\/wp-json\/wp\/v2\/media\/187862"}],"wp:attachment":[{"href":"https:\/\/corrientesdetarde.com\/index.php\/wp-json\/wp\/v2\/media?parent=187861"}],"wp:term":[{"taxonomy":"category","embeddable":true,"href":"https:\/\/corrientesdetarde.com\/index.php\/wp-json\/wp\/v2\/categories?post=187861"},{"taxonomy":"post_tag","embeddable":true,"href":"https:\/\/corrientesdetarde.com\/index.php\/wp-json\/wp\/v2\/tags?post=187861"}],"curies":[{"name":"wp","href":"https:\/\/api.w.org\/{rel}","templated":true}]}}