{"id":187912,"date":"2025-02-01T08:03:05","date_gmt":"2025-02-01T11:03:05","guid":{"rendered":"https:\/\/corrientesdetarde.com\/?p=187912"},"modified":"2025-02-01T08:24:12","modified_gmt":"2025-02-01T11:24:12","slug":"valdes-se-diferencio-de-milei-en-la-defensa-de-la-educacion-publica","status":"publish","type":"post","link":"https:\/\/corrientesdetarde.com\/index.php\/educacion\/valdes-se-diferencio-de-milei-en-la-defensa-de-la-educacion-publica\/","title":{"rendered":"Vald\u00e9s se diferenci\u00f3 de Milei en la defensa de la educaci\u00f3n p\u00fablica"},"content":{"rendered":"\n<p>El Mandatario tom\u00f3 posesi\u00f3n de la conducci\u00f3n provincial de la UCR. All\u00ed destac\u00f3 la recuperaci\u00f3n de la normalidad institucional partidaria y manifest\u00f3 sus coincidencias y diferencias con la administraci\u00f3n de La Libertad Avanza.<\/p>\n\n\n\n<p>Tras encabezar la primera reuni\u00f3n como titular del Comit\u00e9 Central de la Uni\u00f3n C\u00edvica Radical, el gobernador Gustavo Vald\u00e9s se mostr\u00f3 claro respecto a las coincidencias y diferencias con la gesti\u00f3n presidencial de Javier Milei.<\/p>\n\n\n\n<p>Manifest\u00f3 su apoyo para la eliminaci\u00f3n de las elecciones PASO y reconoci\u00f3 que, en otros aspectos, como la educaci\u00f3n p\u00fablica, se puede generar disidencias. &#8220;Nosotros tenemos nuestro pensamiento y nuestras ideas, en algunas cosas coincidimos con el Gobierno Nacional, pero en otros temas no vamos a acompa\u00f1ar&#8221;, dijo.<\/p>\n\n\n\n<p>El Mandatario destac\u00f3 la necesidad de poner en la agenda nacional la modernizaci\u00f3n de la educaci\u00f3n, subrayando que el \u00fanico camino para alcanzar este objetivo es a trav\u00e9s de universidades que puedan ense\u00f1ar y transmitir conocimiento, respaldadas por fuertes inversiones.<\/p>\n\n\n\n<p>&#8220;Tenemos que fortalecer nuestra educaci\u00f3n p\u00fablica para que todos tengamos igualdad de oportunidades&#8221;, afirm\u00f3 Vald\u00e9s, resaltando el rol fundamental que juega el Gobierno Nacional en este aspecto.<\/p>\n\n\n\n<p>El Gobernador tambi\u00e9n hizo hincapi\u00e9 en la importancia de contar con instituciones educativas de calidad, necesarias para la formaci\u00f3n de una sociedad moderna y preparada ante los retos del futuro. Adem\u00e1s, dej\u00f3 en claro que el fortalecimiento de la educaci\u00f3n p\u00fablica no es una opci\u00f3n, sino una prioridad.<\/p>\n\n\n\n<p>Vald\u00e9s abord\u00f3 las tensiones hist\u00f3ricas con la Naci\u00f3n, especialmente en relaci\u00f3n con el manejo de Yacyret\u00e1, donde admiti\u00f3 que existen &#8220;intereses contrapuestos&#8221;.<\/p>\n\n\n\n<figure class=\"wp-block-image\"><img decoding=\"async\" src=\"https:\/\/www.diarioepoca.com\/content\/bucket\/2\/1408452w380h178c.jpg.webp\" alt=\"\"\/><\/figure>\n\n\n\n<p>En este sentido, Vald\u00e9s subray\u00f3 que su administraci\u00f3n est\u00e1 comprometida con la defensa de los intereses de Corrientes, sin importar las diferencias que puedan surgir con el Gobierno central.<\/p>\n\n\n\n<p>A pesar de estos puntos de discrepancia, Vald\u00e9s destac\u00f3 que, en t\u00e9rminos generales, las relaciones entre la provincia y la Naci\u00f3n son &#8220;puntuales e institucionales&#8221; y que es fundamental seguir manteniendo una relaci\u00f3n madura y respetuosa. &#8220;Nosotros administramos una provincia y es saludable que mantengamos una relaci\u00f3n institucional que antes no se pod\u00eda mantener con el gobierno anterior&#8221;, concluy\u00f3 el gobernador, reafirmando la importancia de un di\u00e1logo continuo y constructivo para el bienestar de los correntinos.<\/p>\n\n\n\n<p>Respecto de la asunci\u00f3n como jefe partidario resalt\u00f3: &#8220;Sab\u00edamos que era fundamental que nosotros podamos tener a la Uni\u00f3n C\u00edvica Radical normalizada, porque es un proceso en el que se elige gobernador, diputados, senadores y concejales y estamos pr\u00f3ximos a esas elecciones&#8221;<\/p>\n\n\n\n<p>Anunci\u00f3: &#8220;Para ganar las elecciones, nosotros vamos a construir las mejores propuestas para la sociedad, porque tenemos la experiencia y la responsabilidad de conducir una provincia que cada vez est\u00e1 tomando m\u00e1s fuerza y desarrollo&#8221;.<\/p>\n","protected":false},"excerpt":{"rendered":"<p>El Mandatario tom\u00f3 posesi\u00f3n de la conducci\u00f3n provincial de la UCR. All\u00ed destac\u00f3 la recuperaci\u00f3n de la normalidad institucional partidaria y manifest\u00f3 sus coincidencias y diferencias con la administraci\u00f3n de&hellip; <\/p>\n","protected":false},"author":3,"featured_media":187923,"comment_status":"closed","ping_status":"open","sticky":false,"template":"","format":"standard","meta":{"footnotes":""},"categories":[32],"tags":[],"class_list":["post-187912","post","type-post","status-publish","format-standard","has-post-thumbnail","hentry","category-educacion"],"_links":{"self":[{"href":"https:\/\/corrientesdetarde.com\/index.php\/wp-json\/wp\/v2\/posts\/187912","targetHints":{"allow":["GET"]}}],"collection":[{"href":"https:\/\/corrientesdetarde.com\/index.php\/wp-json\/wp\/v2\/posts"}],"about":[{"href":"https:\/\/corrientesdetarde.com\/index.php\/wp-json\/wp\/v2\/types\/post"}],"author":[{"embeddable":true,"href":"https:\/\/corrientesdetarde.com\/index.php\/wp-json\/wp\/v2\/users\/3"}],"replies":[{"embeddable":true,"href":"https:\/\/corrientesdetarde.com\/index.php\/wp-json\/wp\/v2\/comments?post=187912"}],"version-history":[{"count":1,"href":"https:\/\/corrientesdetarde.com\/index.php\/wp-json\/wp\/v2\/posts\/187912\/revisions"}],"predecessor-version":[{"id":187924,"href":"https:\/\/corrientesdetarde.com\/index.php\/wp-json\/wp\/v2\/posts\/187912\/revisions\/187924"}],"wp:featuredmedia":[{"embeddable":true,"href":"https:\/\/corrientesdetarde.com\/index.php\/wp-json\/wp\/v2\/media\/187923"}],"wp:attachment":[{"href":"https:\/\/corrientesdetarde.com\/index.php\/wp-json\/wp\/v2\/media?parent=187912"}],"wp:term":[{"taxonomy":"category","embeddable":true,"href":"https:\/\/corrientesdetarde.com\/index.php\/wp-json\/wp\/v2\/categories?post=187912"},{"taxonomy":"post_tag","embeddable":true,"href":"https:\/\/corrientesdetarde.com\/index.php\/wp-json\/wp\/v2\/tags?post=187912"}],"curies":[{"name":"wp","href":"https:\/\/api.w.org\/{rel}","templated":true}]}}