{"id":188239,"date":"2025-02-02T21:20:00","date_gmt":"2025-02-03T00:20:00","guid":{"rendered":"https:\/\/corrientesdetarde.com\/?p=188239"},"modified":"2025-02-02T21:23:09","modified_gmt":"2025-02-03T00:23:09","slug":"bella-vista-reforzaran-la-seguridad-con-mas-camaras-de-vigilancia","status":"publish","type":"post","link":"https:\/\/corrientesdetarde.com\/index.php\/politica\/bella-vista-reforzaran-la-seguridad-con-mas-camaras-de-vigilancia\/","title":{"rendered":"Bella Vista: reforzar\u00e1n la seguridad con m\u00e1s c\u00e1maras de vigilancia."},"content":{"rendered":"\n<h2 class=\"wp-block-heading\">La intendente de Bella Vista, Noelia Bazzi, se reuni\u00f3 en la ciudad de Corrientes con el ministro de Seguridad de la provincia, Alfredo Vallejos, para continuar avanzando en el dise\u00f1o de pol\u00edticas de seguridad y prevenci\u00f3n del delito en la localidad.<\/h2>\n\n\n\n<p>En el marco de este encuentro, se anunci\u00f3 la adquisici\u00f3n de 15 nuevas c\u00e1maras de seguridad que ser\u00e1n instaladas en puntos estrat\u00e9gicos de la ciudad, con el objetivo de mejorar la protecci\u00f3n y brindar mayor tranquilidad a los vecinos.<\/p>\n\n\n\n<p>La incorporaci\u00f3n de estas c\u00e1maras forma parte de un plan integral de seguridad que busca fortalecer la prevenci\u00f3n del delito y optimizar los recursos disponibles para el monitoreo en tiempo real de puntos estrat\u00e9gicos de la ciudad. Con estos nuevos equipos ser\u00e1n alrededor de 50 c\u00e1maras las que vigilar\u00e1n las calles de la ciudad y ser\u00e1n registradas por el centro de monitoreo municipal que funciona las 24 horas del d\u00eda.<\/p>\n\n\n\n<p>El compromiso entre los distintos niveles de gobierno se traduce en una acci\u00f3n concreta para mejorar las condiciones de seguridad en Bella Vista, un aspecto clave para el bienestar de la comunidad.<\/p>\n\n\n\n<p><\/p>\n","protected":false},"excerpt":{"rendered":"<p>La intendente de Bella Vista, Noelia Bazzi, se reuni\u00f3 en la ciudad de Corrientes con el ministro de Seguridad de la provincia, Alfredo Vallejos, para continuar avanzando en el dise\u00f1o&hellip; <\/p>\n","protected":false},"author":6,"featured_media":188242,"comment_status":"closed","ping_status":"open","sticky":false,"template":"","format":"standard","meta":{"footnotes":""},"categories":[3],"tags":[],"class_list":["post-188239","post","type-post","status-publish","format-standard","has-post-thumbnail","hentry","category-politica"],"_links":{"self":[{"href":"https:\/\/corrientesdetarde.com\/index.php\/wp-json\/wp\/v2\/posts\/188239","targetHints":{"allow":["GET"]}}],"collection":[{"href":"https:\/\/corrientesdetarde.com\/index.php\/wp-json\/wp\/v2\/posts"}],"about":[{"href":"https:\/\/corrientesdetarde.com\/index.php\/wp-json\/wp\/v2\/types\/post"}],"author":[{"embeddable":true,"href":"https:\/\/corrientesdetarde.com\/index.php\/wp-json\/wp\/v2\/users\/6"}],"replies":[{"embeddable":true,"href":"https:\/\/corrientesdetarde.com\/index.php\/wp-json\/wp\/v2\/comments?post=188239"}],"version-history":[{"count":2,"href":"https:\/\/corrientesdetarde.com\/index.php\/wp-json\/wp\/v2\/posts\/188239\/revisions"}],"predecessor-version":[{"id":188245,"href":"https:\/\/corrientesdetarde.com\/index.php\/wp-json\/wp\/v2\/posts\/188239\/revisions\/188245"}],"wp:featuredmedia":[{"embeddable":true,"href":"https:\/\/corrientesdetarde.com\/index.php\/wp-json\/wp\/v2\/media\/188242"}],"wp:attachment":[{"href":"https:\/\/corrientesdetarde.com\/index.php\/wp-json\/wp\/v2\/media?parent=188239"}],"wp:term":[{"taxonomy":"category","embeddable":true,"href":"https:\/\/corrientesdetarde.com\/index.php\/wp-json\/wp\/v2\/categories?post=188239"},{"taxonomy":"post_tag","embeddable":true,"href":"https:\/\/corrientesdetarde.com\/index.php\/wp-json\/wp\/v2\/tags?post=188239"}],"curies":[{"name":"wp","href":"https:\/\/api.w.org\/{rel}","templated":true}]}}