{"id":188252,"date":"2025-02-02T21:50:00","date_gmt":"2025-02-03T00:50:00","guid":{"rendered":"https:\/\/corrientesdetarde.com\/?p=188252"},"modified":"2025-02-02T21:39:40","modified_gmt":"2025-02-03T00:39:40","slug":"copa-davis-garin-no-pudo-seguir-tras-un-choque-con-su-rival-y-descalificaron-a-chile-de-la-serie","status":"publish","type":"post","link":"https:\/\/corrientesdetarde.com\/index.php\/deportes\/copa-davis-garin-no-pudo-seguir-tras-un-choque-con-su-rival-y-descalificaron-a-chile-de-la-serie\/","title":{"rendered":"Copa Davis: Garin no pudo seguir tras un choque con su rival y descalificaron a Chile de la serie."},"content":{"rendered":"\n<h2 class=\"wp-block-heading\">El jugador sudamericano qued\u00f3 tendido en el suelo luego de que el belga Zizou Bergs lo chocara con el hombro en el medio de un euf\u00f3rico festejo.<\/h2>\n\n\n\n<p>Un&nbsp;<strong>nuevo esc\u00e1ndalo<\/strong>&nbsp;opac\u00f3 la jornada de tenis en la&nbsp;<strong>Copa Davis&nbsp;<\/strong>que tuvo al encuentro entre&nbsp;<strong>Chile y B\u00e9lgica<\/strong>&nbsp;en el foco principal y no precisamente por el resultado deportivo. Durante el cuarto punto de la serie, un controvertido hecho sucedi\u00f3 cuando se jugaba el tercer set del duelo entre el chileno&nbsp;<strong>Christian Garin<\/strong>&nbsp;y el belga&nbsp;<strong>Zizou Bergs<\/strong>.<\/p>\n\n\n\n<p>Tras ganar el punto, el tenista belga sali\u00f3 corriendo a toda velocidad hacia su sector y golpe\u00f3 imprudentemente con el hombro al chileno en el cambio de lado.\u00a0<strong>Garin cay\u00f3 al suelo<\/strong>, tom\u00e1ndose el rostro al tiempo que acusaba una lesi\u00f3n.<\/p>\n\n\n\n<p>El equipo dirigido por&nbsp;<strong>Nicol\u00e1s Mass\u00fa<\/strong>&nbsp;pidi\u00f3 que descalificaran a&nbsp;<strong>Bergs<\/strong>&nbsp;al considerar que se trataba de&nbsp;<strong>una agresi\u00f3n al rival<\/strong>. Sin embargo, la solicitud del bando chileno no tuvo asidero y, ante<strong>&nbsp;la negativa de Garin<\/strong>&nbsp;de regresar a la cancha, se le dio por perdido el partido al equipo sudamericano y se confirm\u00f3 su eliminaci\u00f3n del torneo.<\/p>\n\n\n\n<p><a href=\"https:\/\/www.infobae.com\/teleshow\/2025\/02\/02\/las-postales-playeras-de-angela-leiva-con-chelo-weigandt-y-el-mensaje-que-le-dedico-el-futbolista-te-amo\/\" target=\"_blank\" rel=\"noreferrer noopener\"><\/a>El controvertido suceso que desencaden\u00f3 el esc\u00e1ndalo sucedi\u00f3 cuando el belga se dispuso a celebrar el punto que le otorgaba\u00a0<strong>la ventaja a su equipo por 6-5<\/strong>.<\/p>\n\n\n\n<p>El tenista chileno acus\u00f3 un golpe en la zona ocular, y esto desat\u00f3 la indignaci\u00f3n de todo el equipo chileno.\u00a0<strong>Garin y Mass\u00fa pidieron por la descalificaci\u00f3n del belga<\/strong>. Sin embargo, la decisi\u00f3n del \u00e1rbitro fue de continuar con el partido y solicitar la presencia de\u00a0<em>Gago<\/em>, como es apodado el tenista en su tierra. \u00c9ste se neg\u00f3 y\u00a0<strong>recibi\u00f3 un triple\u00a0<\/strong><em><strong>warning<\/strong><\/em>\u00a0que tuvo como consecuencia\u00a0<strong>la derrota en este punto y la posterior eliminaci\u00f3n de su equipo al quedar 3-1 la serie en favor de los europeos<\/strong>.<\/p>\n\n\n\n<p>La cuenta oficial de la Copa Davis inform\u00f3 en sus redes sociales: \u201cEl belga Zizou Bergs gana su partido de individuales contra el chileno Christian Garin,\u00a0<strong>que no regres\u00f3 a la pista tras un choque accidental en el cambio de puntas<\/strong>.\u00a0<strong>Una colisi\u00f3n entre los dos jugadores detuvo el partido, ya que Garin recibi\u00f3 atenci\u00f3n m\u00e9dica<\/strong>.\u00a0<strong>El juego estaba programado para reanudarse, antes de que Chile recibiera tres infracciones de tiempo consecutivas<\/strong>. Esto dio lugar a una penalizaci\u00f3n de juego que otorg\u00f3 a Bergs el set decisivo, 7-5. Con esta victoria, B\u00e9lgica avanza a la segunda ronda\u201d.<\/p>\n\n\n\n<figure class=\"wp-block-image size-large\"><img loading=\"lazy\" decoding=\"async\" width=\"576\" height=\"1024\" src=\"https:\/\/corrientesdetarde.com\/wp-content\/uploads\/2025\/02\/image-27-576x1024.png\" alt=\"\" class=\"wp-image-188253\" srcset=\"https:\/\/corrientesdetarde.com\/wp-content\/uploads\/2025\/02\/image-27-576x1024.png 576w, https:\/\/corrientesdetarde.com\/wp-content\/uploads\/2025\/02\/image-27-169x300.png 169w, https:\/\/corrientesdetarde.com\/wp-content\/uploads\/2025\/02\/image-27-768x1366.png 768w, https:\/\/corrientesdetarde.com\/wp-content\/uploads\/2025\/02\/image-27-864x1536.png 864w, https:\/\/corrientesdetarde.com\/wp-content\/uploads\/2025\/02\/image-27.png 992w\" sizes=\"auto, (max-width: 576px) 100vw, 576px\" \/><\/figure>\n\n\n\n<p>Los chilenos llegaron a este partido luego de que la dupla conformada por&nbsp;<strong>Nicol\u00e1s Jarry&nbsp;<\/strong>y&nbsp;<strong>Tom\u00e1s Barrios&nbsp;<\/strong>cayera ante el binomio belga compuesto por&nbsp;<strong>Sander Gille y Joran Vliegen<\/strong>, por parciales de 6-3, 3-6 y 6-4. Esto puso la serie 2 a 1 porque previamente Bergs hab\u00eda vencido a&nbsp;<strong>Barrios&nbsp;<\/strong>(6-4 y 6-3) y Garin se impuso sobre Alexander Blockx (7-6 y 6-1) en los otros singles. Ante este panorama, el chileno Garin estaba obligado a obtener una victoria sobre Bergs para aspirar a un quinto punto.<\/p>\n\n\n\n<p>El sudamericano, 133 en el ranking ATP, estaba teniendo un duelo parejo hasta el momento del escandaloso hecho. Bergs, de 25 a\u00f1os y ubicado 60\u00b0 en el conteo mundial, hab\u00eda logrado llevarse el primer set con un 6-3, pero cedi\u00f3 el segundo con un 6-4. Todo se defin\u00eda en el \u00faltimo set: el duelo estaba igualado 5-5 y Bergs logr\u00f3 quebrarle para ponerse 6-5 con su servicio cuando inici\u00f3 ese furioso festejo que termin\u00f3 en un problema inesperado.<\/p>\n\n\n\n<p>\u201cAc\u00e1 no hubo debido proceso. Aqu\u00ed los \u00e1rbitros son una cosa, y los jugadores otra cosa, pero lo que creo que funcion\u00f3 peor es que no hayan visto a Christian.&nbsp;<strong>\u00bfC\u00f3mo puede ser posible que el doctor neutral no lo vea? \u00bfO no lo saque de ah\u00ed? Hubo cero an\u00e1lisis<\/strong>\u201c, dijo el capit\u00e1n Mass\u00fa en la conferencia de prensa posterior a la que dieran por perdido este choque que se desarroll\u00f3 en el Sporthal Alverberg de la ciudad belga de Hasselt.<\/p>\n\n\n\n<figure class=\"wp-block-image size-large\"><img loading=\"lazy\" decoding=\"async\" width=\"576\" height=\"1024\" src=\"https:\/\/corrientesdetarde.com\/wp-content\/uploads\/2025\/02\/image-28-576x1024.png\" alt=\"\" class=\"wp-image-188254\" srcset=\"https:\/\/corrientesdetarde.com\/wp-content\/uploads\/2025\/02\/image-28-576x1024.png 576w, https:\/\/corrientesdetarde.com\/wp-content\/uploads\/2025\/02\/image-28-169x300.png 169w, https:\/\/corrientesdetarde.com\/wp-content\/uploads\/2025\/02\/image-28-768x1366.png 768w, https:\/\/corrientesdetarde.com\/wp-content\/uploads\/2025\/02\/image-28-864x1536.png 864w, https:\/\/corrientesdetarde.com\/wp-content\/uploads\/2025\/02\/image-28.png 992w\" sizes=\"auto, (max-width: 576px) 100vw, 576px\" \/><\/figure>\n\n\n\n<p>\u201c\u00bfT\u00fa sabes c\u00f3mo es recuperar a Christian mentalmente para que salga en el 5-6, el tercer set, a jugar un game? \u00bfY despu\u00e9s tiene que jugar bien? \u00bfPara qu\u00e9? \u00bfPara que hagan cuatro saques y pierdan cuatro puntos seguidos? \u00a1D\u00e9njese de joder!\u201d, agreg\u00f3 el l\u00edder del equipo<\/p>\n\n\n\n<p>El m\u00e9dico del combinado chileno, Alejandro Orizola, dio detalles de lo sucedido seg\u00fan consign\u00f3 el diario&nbsp;<em>La Tercera<\/em>: \u201c<strong>Christian Garin recibi\u00f3 un fuerte golpe en el globo ocular, raz\u00f3n por la cual se cay\u00f3 y golpe\u00f3 en la cabeza<\/strong>. Esto le gener\u00f3 una inflamaci\u00f3n, dificultades para ver, n\u00e1useas y fuerte dolor de cabeza, aunque en ning\u00fan momento perdi\u00f3 la conciencia. Christian Garin no estaba en condiciones de seguir jugando\u201d.<\/p>\n\n\n\n<p>El jugador de 28 a\u00f1os, que suma cinco t\u00edtulos singles en su carrera profesional y lleg\u00f3 a ser 17 del planeta, expuso su bronca con una&nbsp;<em>storie<\/em>&nbsp;de&nbsp;<em>Instagram:&nbsp;<\/em>\u201c<strong>Sigo sin creer que nos descalificaron<\/strong>. Que el \u00e1rbitro general me forzara a jugar con mareos y sin poder ver bien despu\u00e9s de 2h.40 min jugando a alta intensidad.&nbsp;<strong>A\u00f1os amando este deporte, viendo millones de partidos y nunca vi, ni pens\u00e9 vivir, algo as\u00ed<\/strong>. Mucha pena despu\u00e9s de todo el esfuerzo de la semana y todo el trabajo en equipo.&nbsp;<strong>Gracias a la ITF por la cero preocupaci\u00f3n por mi salud<\/strong>. Gracias a todos los chilenos. Duro momento, pero seguimos\u201d.<\/p>\n\n\n\n<p>\u201cEntonces el jugador est\u00e1 lesionado y no puede seguir jugando, pero hacemos como si nada hubiera pasado. Qu\u00e9 mundo m\u00e1s bonito y qu\u00e9 gran mentalidad!\u201d, hab\u00eda posteado antes.<\/p>\n\n\n\n<p>Seg\u00fan inform\u00f3 el medio belga&nbsp;<em>HLN<\/em>, el tenista local involucrado en el hecho tambi\u00e9n se refiri\u00f3 a la situaci\u00f3n que protagoniz\u00f3: \u201cEs muy extra\u00f1o. Es la primera vez que me pasa algo as\u00ed en mi carrera. Comet\u00ed un error, pero no era en absoluto mi intenci\u00f3n hacer da\u00f1o a nadie. Quise saltar, pero era demasiado tarde y le golpe\u00e9\u201c.<\/p>\n\n\n\n<p>Luego de lo acontecido y la indignaci\u00f3n a cuestas del plantel sudamericano, la cuenta oficial deportiva de ese pa\u00eds,&nbsp;<em><strong>Team Chile<\/strong><\/em>, catalog\u00f3 el hecho como una actitud antideportiva.<strong>&nbsp;\u201cImpresentable\u201d<\/strong>, titul\u00f3 en el descargo. All\u00ed se difundi\u00f3 el comunicado del&nbsp;<strong>Comit\u00e9 Ol\u00edmpico de Chile<\/strong>&nbsp;repudiando el hecho y asegurando que&nbsp;<strong>Garin ten\u00eda una lesi\u00f3n<\/strong>&nbsp;producto del impacto que le imped\u00eda continuar con el partido.<\/p>\n\n\n\n<p>\u201cEl Comit\u00e9 Ol\u00edmpico de Chile quiere expresar su molestia e incredulidad por lo ocurrido hoy en la serie de Copa Davis entre B\u00e9lgica y Chile, donde nuestro tenista Christian Garin recibi\u00f3 una agresi\u00f3n por parte del jugador Zizou Bergs durante un cambio de lado, situaci\u00f3n que le produjo una serie de consecuencias f\u00edsicas, certificadas en terreno por el M\u00e9dico Jefe de la delegaci\u00f3n y Director del COCH, doctor Alejandro Orizola. Hemos manifestado a la Federaci\u00f3n de Tenis de Chile toda nuestra colaboraci\u00f3n para acudir a las instancias pertinentes para que este lamentable bochorno internacional no quede sin sanci\u00f3n. Acompa\u00f1amos en esta injusticia al jugador Christian Garin, al capit\u00e1n Nicol\u00e1s Mass\u00fa y a todo el equipo chileno de Copa Davis\u201d, manifestaron.<\/p>\n\n\n\n<p>Este cap\u00edtulo se suma al sucedido el s\u00e1bado en la\u00a0serie entre Brasil y Francia que termin\u00f3 tambi\u00e9n un esc\u00e1ndalo\u00a0que recorri\u00f3 el mundo por el reclamo del elenco sudamericano.<\/p>\n\n\n\n<p><a href=\"https:\/\/www.infobae.com\/deportes\/2025\/02\/02\/el-inter-miami-de-lionel-messi-jugara-un-nuevo-amistoso-ante-sporting-san-miguelito-de-panama-hora-tv-y-formaciones\/\" target=\"_blank\" rel=\"noreferrer noopener\"><\/a><\/p>\n","protected":false},"excerpt":{"rendered":"<p>El jugador sudamericano qued\u00f3 tendido en el suelo luego de que el belga Zizou Bergs lo chocara con el hombro en el medio de un euf\u00f3rico festejo. Un&nbsp;nuevo esc\u00e1ndalo&nbsp;opac\u00f3 la&hellip; <\/p>\n","protected":false},"author":6,"featured_media":188255,"comment_status":"closed","ping_status":"open","sticky":false,"template":"","format":"standard","meta":{"footnotes":""},"categories":[4],"tags":[],"class_list":["post-188252","post","type-post","status-publish","format-standard","has-post-thumbnail","hentry","category-deportes"],"_links":{"self":[{"href":"https:\/\/corrientesdetarde.com\/index.php\/wp-json\/wp\/v2\/posts\/188252","targetHints":{"allow":["GET"]}}],"collection":[{"href":"https:\/\/corrientesdetarde.com\/index.php\/wp-json\/wp\/v2\/posts"}],"about":[{"href":"https:\/\/corrientesdetarde.com\/index.php\/wp-json\/wp\/v2\/types\/post"}],"author":[{"embeddable":true,"href":"https:\/\/corrientesdetarde.com\/index.php\/wp-json\/wp\/v2\/users\/6"}],"replies":[{"embeddable":true,"href":"https:\/\/corrientesdetarde.com\/index.php\/wp-json\/wp\/v2\/comments?post=188252"}],"version-history":[{"count":2,"href":"https:\/\/corrientesdetarde.com\/index.php\/wp-json\/wp\/v2\/posts\/188252\/revisions"}],"predecessor-version":[{"id":188258,"href":"https:\/\/corrientesdetarde.com\/index.php\/wp-json\/wp\/v2\/posts\/188252\/revisions\/188258"}],"wp:featuredmedia":[{"embeddable":true,"href":"https:\/\/corrientesdetarde.com\/index.php\/wp-json\/wp\/v2\/media\/188255"}],"wp:attachment":[{"href":"https:\/\/corrientesdetarde.com\/index.php\/wp-json\/wp\/v2\/media?parent=188252"}],"wp:term":[{"taxonomy":"category","embeddable":true,"href":"https:\/\/corrientesdetarde.com\/index.php\/wp-json\/wp\/v2\/categories?post=188252"},{"taxonomy":"post_tag","embeddable":true,"href":"https:\/\/corrientesdetarde.com\/index.php\/wp-json\/wp\/v2\/tags?post=188252"}],"curies":[{"name":"wp","href":"https:\/\/api.w.org\/{rel}","templated":true}]}}