{"id":188262,"date":"2025-02-03T08:20:29","date_gmt":"2025-02-03T11:20:29","guid":{"rendered":"https:\/\/corrientesdetarde.com\/?p=188262"},"modified":"2025-02-03T08:20:33","modified_gmt":"2025-02-03T11:20:33","slug":"como-estara-el-clima-este-lunes-3-de-febrero-en-corrientes","status":"publish","type":"post","link":"https:\/\/corrientesdetarde.com\/index.php\/clima\/como-estara-el-clima-este-lunes-3-de-febrero-en-corrientes\/","title":{"rendered":"\u00bfCOMO ESTAR\u00c1 EL CLIMA ESTE LUNES 3 DE FEBRERO EN CORRIENTES?"},"content":{"rendered":"\n<p>Por la ma\u00f1ana se espera que la temperatura alcance los 33 \u00b0C, con cielo ligeramente nublado y viento del Norte de entre 13 y 22 km\/h.<\/p>\n\n\n\n<p>Por la tarde, la m\u00e1xima del d\u00eda llegar\u00e1 a los 39 \u00b0C, con cielo parcialmente nublado y viento leve del Norte de entre 7 y 12 km\/h.<\/p>\n\n\n\n<p>Por la noche, la temperatura ser\u00e1 de 35 \u00b0C, con cielo despejado y viento del Noreste de entre 13 y 22 km\/h.<\/p>\n\n\n\n<h2 class=\"wp-block-heading\">ALERTA POR TEMPERATURAS EXTREMAS EN CORRIENTES<\/h2>\n\n\n\n<ul class=\"wp-block-list\">\n<li>Nivel de alerta: amarillo<\/li>\n\n\n\n<li>Localidades afectadas: toda la provincia de Corrientes.<\/li>\n\n\n\n<li>Extensi\u00f3n temporal: lunes<\/li>\n<\/ul>\n\n\n\n<p>Las temperaturas extremas bajo el alerta amarillo pueden tener efecto leve a moderado en la salud y pueden ser peligrosas, sobre todo para los grupos de riesgo, como ni\u00f1os y ni\u00f1as, personas mayores de 65 a\u00f1os, con enfermedades cr\u00f3nicas.<\/p>\n","protected":false},"excerpt":{"rendered":"<p>Por la ma\u00f1ana se espera que la temperatura alcance los 33 \u00b0C, con cielo ligeramente nublado y viento del Norte de entre 13 y 22 km\/h. Por la tarde, la&hellip; <\/p>\n","protected":false},"author":4,"featured_media":188268,"comment_status":"closed","ping_status":"open","sticky":false,"template":"","format":"standard","meta":{"footnotes":""},"categories":[29],"tags":[],"class_list":["post-188262","post","type-post","status-publish","format-standard","has-post-thumbnail","hentry","category-clima"],"_links":{"self":[{"href":"https:\/\/corrientesdetarde.com\/index.php\/wp-json\/wp\/v2\/posts\/188262","targetHints":{"allow":["GET"]}}],"collection":[{"href":"https:\/\/corrientesdetarde.com\/index.php\/wp-json\/wp\/v2\/posts"}],"about":[{"href":"https:\/\/corrientesdetarde.com\/index.php\/wp-json\/wp\/v2\/types\/post"}],"author":[{"embeddable":true,"href":"https:\/\/corrientesdetarde.com\/index.php\/wp-json\/wp\/v2\/users\/4"}],"replies":[{"embeddable":true,"href":"https:\/\/corrientesdetarde.com\/index.php\/wp-json\/wp\/v2\/comments?post=188262"}],"version-history":[{"count":2,"href":"https:\/\/corrientesdetarde.com\/index.php\/wp-json\/wp\/v2\/posts\/188262\/revisions"}],"predecessor-version":[{"id":188270,"href":"https:\/\/corrientesdetarde.com\/index.php\/wp-json\/wp\/v2\/posts\/188262\/revisions\/188270"}],"wp:featuredmedia":[{"embeddable":true,"href":"https:\/\/corrientesdetarde.com\/index.php\/wp-json\/wp\/v2\/media\/188268"}],"wp:attachment":[{"href":"https:\/\/corrientesdetarde.com\/index.php\/wp-json\/wp\/v2\/media?parent=188262"}],"wp:term":[{"taxonomy":"category","embeddable":true,"href":"https:\/\/corrientesdetarde.com\/index.php\/wp-json\/wp\/v2\/categories?post=188262"},{"taxonomy":"post_tag","embeddable":true,"href":"https:\/\/corrientesdetarde.com\/index.php\/wp-json\/wp\/v2\/tags?post=188262"}],"curies":[{"name":"wp","href":"https:\/\/api.w.org\/{rel}","templated":true}]}}