{"id":188339,"date":"2025-02-03T14:08:44","date_gmt":"2025-02-03T17:08:44","guid":{"rendered":"https:\/\/corrientesdetarde.com\/?p=188339"},"modified":"2025-02-03T14:08:57","modified_gmt":"2025-02-03T17:08:57","slug":"acto-por-el-212-aniversario-del-fallecimiento-del-sargento-cabral","status":"publish","type":"post","link":"https:\/\/corrientesdetarde.com\/index.php\/eventossociedad\/acto-por-el-212-aniversario-del-fallecimiento-del-sargento-cabral\/","title":{"rendered":"Acto por el 212\u00b0 aniversario del fallecimiento del Sargento Cabral"},"content":{"rendered":"\n<p>El vicegobernador, Pedro Braillard Poccard, presidi\u00f3 el lunes por la ma\u00f1ana junto al viceintendente Emilio Lanari, el acto por el 212\u00b0 aniversario del paso a la inmortalidad del Sargento Juan Bautista Cabral en la plaza que lleva su nombre.<br>Al inicio del acto se entonaron las estrofas del Himno Nacional Argentino, luego de lo cual el padre Ariel Weimann realiz\u00f3 una invocaci\u00f3n religiosa y una bendici\u00f3n a los presentes. Posteriormente al minuto de silencio se descubrieron de placas conmemorativas.<br>Braillard Poccard resalt\u00f3 la capacidad de liderazgo ejercida por San Mart\u00edn, \u201clogrando que sus subordinados no solamente combatan con las capacidades de las que los hab\u00eda dotados con su riguroso entrenamiento, sino que, al haber transmitido el amor por la causa, el concepto de disciplina mezclado con el amor hacia su conductor, hizo que en el momento culminante no importara su vida, lo que era relevante era salvar a su jefe y salvar la causa\u201d.<br>Por su parte, Emilio Lanari expres\u00f3: \u201cCabral fue un correntino que no fue an\u00f3nimo, al dar su vida permiti\u00f3 que San Mart\u00edn continuara con la suya\u201d.<br>Estuvieron presentes el ministro de ciencia y tecnolog\u00eda, Jorge Antonio G\u00f3mez, Jorge Antonio G\u00f3mez, el diputado Horacio Pozo, autoridades del gabinete municipal, el presidente de la Junta de Historia, Jorge Deniri y representantes de las fuerzas de seguridad.<\/p>\n\n\n\n<p><\/p>\n\n\n\n<figure class=\"wp-block-image size-large\"><img loading=\"lazy\" decoding=\"async\" width=\"1024\" height=\"682\" src=\"https:\/\/corrientesdetarde.com\/wp-content\/uploads\/2025\/02\/WhatsApp-Image-2025-02-03-at-12.49.52-1-1024x682.jpeg\" alt=\"\" class=\"wp-image-188341\" srcset=\"https:\/\/corrientesdetarde.com\/wp-content\/uploads\/2025\/02\/WhatsApp-Image-2025-02-03-at-12.49.52-1-1024x682.jpeg 1024w, https:\/\/corrientesdetarde.com\/wp-content\/uploads\/2025\/02\/WhatsApp-Image-2025-02-03-at-12.49.52-1-300x200.jpeg 300w, https:\/\/corrientesdetarde.com\/wp-content\/uploads\/2025\/02\/WhatsApp-Image-2025-02-03-at-12.49.52-1-768x512.jpeg 768w, https:\/\/corrientesdetarde.com\/wp-content\/uploads\/2025\/02\/WhatsApp-Image-2025-02-03-at-12.49.52-1.jpeg 1280w\" sizes=\"auto, (max-width: 1024px) 100vw, 1024px\" \/><\/figure>\n\n\n\n<figure class=\"wp-block-image size-large\"><img loading=\"lazy\" decoding=\"async\" width=\"1024\" height=\"682\" src=\"https:\/\/corrientesdetarde.com\/wp-content\/uploads\/2025\/02\/WhatsApp-Image-2025-02-03-at-12.49.52-1024x682.jpeg\" alt=\"\" class=\"wp-image-188342\" srcset=\"https:\/\/corrientesdetarde.com\/wp-content\/uploads\/2025\/02\/WhatsApp-Image-2025-02-03-at-12.49.52-1024x682.jpeg 1024w, https:\/\/corrientesdetarde.com\/wp-content\/uploads\/2025\/02\/WhatsApp-Image-2025-02-03-at-12.49.52-300x200.jpeg 300w, https:\/\/corrientesdetarde.com\/wp-content\/uploads\/2025\/02\/WhatsApp-Image-2025-02-03-at-12.49.52-768x512.jpeg 768w, https:\/\/corrientesdetarde.com\/wp-content\/uploads\/2025\/02\/WhatsApp-Image-2025-02-03-at-12.49.52.jpeg 1280w\" sizes=\"auto, (max-width: 1024px) 100vw, 1024px\" \/><\/figure>\n\n\n\n<figure class=\"wp-block-image size-large\"><img loading=\"lazy\" decoding=\"async\" width=\"1024\" height=\"682\" src=\"https:\/\/corrientesdetarde.com\/wp-content\/uploads\/2025\/02\/WhatsApp-Image-2025-02-03-at-12.49.51-1024x682.jpeg\" alt=\"\" class=\"wp-image-188343\" srcset=\"https:\/\/corrientesdetarde.com\/wp-content\/uploads\/2025\/02\/WhatsApp-Image-2025-02-03-at-12.49.51-1024x682.jpeg 1024w, https:\/\/corrientesdetarde.com\/wp-content\/uploads\/2025\/02\/WhatsApp-Image-2025-02-03-at-12.49.51-300x200.jpeg 300w, https:\/\/corrientesdetarde.com\/wp-content\/uploads\/2025\/02\/WhatsApp-Image-2025-02-03-at-12.49.51-768x512.jpeg 768w, https:\/\/corrientesdetarde.com\/wp-content\/uploads\/2025\/02\/WhatsApp-Image-2025-02-03-at-12.49.51.jpeg 1280w\" sizes=\"auto, (max-width: 1024px) 100vw, 1024px\" \/><\/figure>\n\n\n\n<figure class=\"wp-block-image size-large\"><img loading=\"lazy\" decoding=\"async\" width=\"1024\" height=\"682\" src=\"https:\/\/corrientesdetarde.com\/wp-content\/uploads\/2025\/02\/WhatsApp-Image-2025-02-03-at-12.49.52-2-1024x682.jpeg\" alt=\"\" class=\"wp-image-188340\" srcset=\"https:\/\/corrientesdetarde.com\/wp-content\/uploads\/2025\/02\/WhatsApp-Image-2025-02-03-at-12.49.52-2-1024x682.jpeg 1024w, https:\/\/corrientesdetarde.com\/wp-content\/uploads\/2025\/02\/WhatsApp-Image-2025-02-03-at-12.49.52-2-300x200.jpeg 300w, https:\/\/corrientesdetarde.com\/wp-content\/uploads\/2025\/02\/WhatsApp-Image-2025-02-03-at-12.49.52-2-768x512.jpeg 768w, https:\/\/corrientesdetarde.com\/wp-content\/uploads\/2025\/02\/WhatsApp-Image-2025-02-03-at-12.49.52-2.jpeg 1280w\" sizes=\"auto, (max-width: 1024px) 100vw, 1024px\" \/><\/figure>\n\n\n\n<p><\/p>\n\n\n\n<p><\/p>\n","protected":false},"excerpt":{"rendered":"<p>El vicegobernador, Pedro Braillard Poccard, presidi\u00f3 el lunes por la ma\u00f1ana junto al viceintendente Emilio Lanari, el acto por el 212\u00b0 aniversario del paso a la inmortalidad del Sargento Juan&hellip; <\/p>\n","protected":false},"author":8,"featured_media":188343,"comment_status":"closed","ping_status":"open","sticky":false,"template":"","format":"standard","meta":{"footnotes":""},"categories":[1208],"tags":[],"class_list":["post-188339","post","type-post","status-publish","format-standard","has-post-thumbnail","hentry","category-eventossociedad"],"_links":{"self":[{"href":"https:\/\/corrientesdetarde.com\/index.php\/wp-json\/wp\/v2\/posts\/188339","targetHints":{"allow":["GET"]}}],"collection":[{"href":"https:\/\/corrientesdetarde.com\/index.php\/wp-json\/wp\/v2\/posts"}],"about":[{"href":"https:\/\/corrientesdetarde.com\/index.php\/wp-json\/wp\/v2\/types\/post"}],"author":[{"embeddable":true,"href":"https:\/\/corrientesdetarde.com\/index.php\/wp-json\/wp\/v2\/users\/8"}],"replies":[{"embeddable":true,"href":"https:\/\/corrientesdetarde.com\/index.php\/wp-json\/wp\/v2\/comments?post=188339"}],"version-history":[{"count":1,"href":"https:\/\/corrientesdetarde.com\/index.php\/wp-json\/wp\/v2\/posts\/188339\/revisions"}],"predecessor-version":[{"id":188344,"href":"https:\/\/corrientesdetarde.com\/index.php\/wp-json\/wp\/v2\/posts\/188339\/revisions\/188344"}],"wp:featuredmedia":[{"embeddable":true,"href":"https:\/\/corrientesdetarde.com\/index.php\/wp-json\/wp\/v2\/media\/188343"}],"wp:attachment":[{"href":"https:\/\/corrientesdetarde.com\/index.php\/wp-json\/wp\/v2\/media?parent=188339"}],"wp:term":[{"taxonomy":"category","embeddable":true,"href":"https:\/\/corrientesdetarde.com\/index.php\/wp-json\/wp\/v2\/categories?post=188339"},{"taxonomy":"post_tag","embeddable":true,"href":"https:\/\/corrientesdetarde.com\/index.php\/wp-json\/wp\/v2\/tags?post=188339"}],"curies":[{"name":"wp","href":"https:\/\/api.w.org\/{rel}","templated":true}]}}