{"id":188345,"date":"2025-02-03T14:13:07","date_gmt":"2025-02-03T17:13:07","guid":{"rendered":"https:\/\/corrientesdetarde.com\/?p=188345"},"modified":"2025-02-03T14:13:19","modified_gmt":"2025-02-03T17:13:19","slug":"el-corsodromo-provincial-nolo-alias-se-lucio-con-nuevas-tribunas-palcos-y-servicios-en-su-debut-2025","status":"publish","type":"post","link":"https:\/\/corrientesdetarde.com\/index.php\/actualidad\/el-corsodromo-provincial-nolo-alias-se-lucio-con-nuevas-tribunas-palcos-y-servicios-en-su-debut-2025\/","title":{"rendered":"El Cors\u00f3dromo Provincial &#8220;Nolo Al\u00edas&#8221; se luci\u00f3 con nuevas tribunas, palcos y servicios en su debut 2025"},"content":{"rendered":"\n<p><em>Miles de espectadores, entre correntinos y visitantes, se dieron cita en el cors\u00f3dromo para disfrutar del carnaval oficial, que comenz\u00f3 el s\u00e1bado y convoc\u00f3 a casi 20.000 personas. Destacan el buen flujo en el ingreso y la salida del espect\u00e1culo, la comodidad que aportaron las obras reci\u00e9n estrenadas y un balance positivo en la compra de alimentos y bebidas dentro del predio.<\/em><\/p>\n\n\n\n<p>Las principales agrupaciones carnestolendas de la ciudad brillaron en su desfile ante una multitud de espectadores, que disfrutaron de la alegr\u00eda del Carnaval de Corrientes, as\u00ed como de las nuevas comodidades que ofrece el cors\u00f3dromo Nolo Al\u00edas a partir de las obras realizadas por el gobierno provincial en el predio y que estuvieron inauguradas por el gobernador Gustavo Vald\u00e9s en la misma noche en que se estren\u00f3 la edici\u00f3n 2025 del evento.<\/p>\n\n\n\n<p>Emplazado en los terrenos Aeropuerto Internacional Doctor Fernando Piragine Niveyro, sobre el acceso Este de la ciudad por Ruta Nacional N\u00b0 12, la obra se realiz\u00f3 con el objetivo principal de afianzar y consolidar a Corrientes como Capital Nacional del Carnaval, ofreciendo instalaciones acordes a la importancia de la fiesta, generando un nuevo atractivo que potencie la cultura y el turismo de la ciudad y la provincia. \u201cTodo sali\u00f3 muy bien, con un desarrollo del carnaval que el p\u00fablico y los integrantes de las comparsas disfrutaron mucho, todo fue muy bien recibido y valorado\u201d, aseguraron desde la organizaci\u00f3n.<\/p>\n\n\n\n<p>En ese sentido, tras el recuento realizado en los accesos al predio, pudieron determinar que casi unas 20 mil personas \u2013 entre comparseros, trabajadores de prensa y espectadores- asistieron al remozado predio del Nolo Al\u00edas.<\/p>\n\n\n\n<p>Entre las 20.30 y las 2 de la ma\u00f1ana del s\u00e1bado, ingresaron al corso por el acceso al Perich\u00f3n unos 6.481 espectadores, por el acceso del aeropuerto lo hicieron unas 1.721 personas, as\u00ed como fueron unas 918 las que ingresaron por el acceso especial de autoridades e invitados.<\/p>\n\n\n\n<p>Respecto del acceso de los integrantes de las comparsas, las mediciones indicaron que se contabilizaron en el acceso del Perich\u00f3n, unas 3944 personas entre comparseros y acompa\u00f1antes, en tanto unas 8.581 personas lo hicieron por el acceso del aut\u00f3dromo.<\/p>\n\n\n\n<p>As\u00ed mismo, en los estacionamientos se contabilizaron en total casi 3 mil veh\u00edculos.<\/p>\n\n\n\n<p>Adem\u00e1s de la alta convocatoria, desde la organizaci\u00f3n destacaron el \u201cbuen flujo de personas y veh\u00edculos, tanto al ingreso como a las salidas, as\u00ed como un buen nivel de ventas de alimentos y bebidas dentro del predio\u201d.<\/p>\n\n\n\n<p>As\u00ed, a la par de disfrutar de la exhibici\u00f3n del espect\u00e1culo de cada una de las comparsas, que sorprendieron e hicieron cantar y bailar a los fan\u00e1ticos de cada una, tanto como a los visitantes y espectadores en general, el estreno de las obras con las comodidades que aportaron como servicios fueron parte del balance positivo del evento, que busca profundizar cada vez m\u00e1s su trascendencia y convocatoria tur\u00edstica como Capital Nacional del Carnaval.<\/p>\n\n\n\n<p><strong>La funcionalidad, eje de las obras<\/strong><\/p>\n\n\n\n<p>La intervenci\u00f3n realizada consiste en la construcci\u00f3n de tribunas general, palco oficial, palco jurado, palco de prensa, sanitarios y puestos de comida.<\/p>\n\n\n\n<p>As\u00ed, durante el fin de semana se estrenaron dos tribunas de hormig\u00f3n que se destinaron al p\u00fablico en general, y que cuentan con rampas laterales para facilitar el acceso y salida al p\u00fablico. &nbsp;All\u00ed tambi\u00e9n se dispusieron m\u00e1s de 700 butacas con c\u00e1mara de aire, con antideslizantes y protectores, entre las cuales se ejecutaron veredas de vinculaci\u00f3n entre las rampas.<\/p>\n\n\n\n<p>Adem\u00e1s de las tribunas, se edific\u00f3 un palco oficial, otro destinado al jurado y un tercero pensado exclusivamente en los trabajadores de prensa que cubren el evento. Este palco cuenta con 4 niveles encontr\u00e1ndose el primer nivel a m\u00e1s de 1,20 metros de altura, y el \u00faltimo a m\u00e1s de 3 metros. Estas diferencias de niveles fueron protegidas con barandas de hierro en todo el per\u00edmetro del palco y en los desniveles. El nivel superior, cuenta con una baranda de mamposter\u00eda de cierre y p\u00e9rgolas de tubos estructurales.<\/p>\n\n\n\n<p>Con una fuerte inversi\u00f3n del Gobierno provincial, en el Cors\u00f3dromo \u201cNolo Al\u00edas\u201d se llev\u00f3 adelante la construcci\u00f3n de un m\u00f3dulo de 4 oficinas con 2 ba\u00f1os para personal de organizaci\u00f3n del carnaval, con una superficie de 65 metros cuadrados.<\/p>\n\n\n\n<p>Tambi\u00e9n se edific\u00f3 una boleter\u00eda, ubicada en el nuevo acceso por colectora, as\u00ed como el dise\u00f1o y construcci\u00f3n de port\u00f3n de ingreso principal a la calzada y cuenta con dise\u00f1o alusivo al carnaval.<\/p>\n\n\n\n<p>Con arcos met\u00e1licos que superan los 7 metros de altura y los 9 de ancho, se construy\u00f3 el portal de ingreso y se coloc\u00f3 la carteler\u00eda en forma de m\u00e1scara.<\/p>\n\n\n\n<p>En el interior, se realiz\u00f3 el dise\u00f1o y el amueblamiento del palco oficial y del del jurado. A la vez, se instalaron pisos industriales en una superficie de m\u00e1s de 2 mil metros cuadrados detr\u00e1s de las tribunas de hormig\u00f3n, para permitir una circulaci\u00f3n confortable de quienes concurran al espect\u00e1culo.<\/p>\n\n\n\n<p>Entre otras tareas, se instalaron luminarias y reflectores en el estacionamiento,&nbsp; luces de ne\u00f3n para la carteler\u00eda y unos 300 postes ol\u00edmpicos en el lateral correspondiente al camino de ingreso al Perich\u00f3n.<\/p>\n\n\n\n<p>Alambrados, tejidos transversales, pavimento y nuevas veredas completaron los trabajos, as\u00ed como la pintura de galpones, veredas y calzadas.<\/p>\n\n\n\n<p>Televisores, conectividad a internet y otros dispositivos se instalaron en los palcos oficiales y del jurado, en tanto a\u00fan se trabaja con el relleno de un estacionamiento lateral al aeropuerto.<\/p>\n\n\n\n<figure class=\"wp-block-image size-large\"><img loading=\"lazy\" decoding=\"async\" width=\"1024\" height=\"768\" src=\"https:\/\/corrientesdetarde.com\/wp-content\/uploads\/2025\/02\/image-31-1024x768.png\" alt=\"\" class=\"wp-image-188346\" srcset=\"https:\/\/corrientesdetarde.com\/wp-content\/uploads\/2025\/02\/image-31-1024x768.png 1024w, https:\/\/corrientesdetarde.com\/wp-content\/uploads\/2025\/02\/image-31-300x225.png 300w, https:\/\/corrientesdetarde.com\/wp-content\/uploads\/2025\/02\/image-31-768x576.png 768w, https:\/\/corrientesdetarde.com\/wp-content\/uploads\/2025\/02\/image-31.png 1280w\" sizes=\"auto, (max-width: 1024px) 100vw, 1024px\" \/><\/figure>\n\n\n\n<figure class=\"wp-block-image size-large\"><img loading=\"lazy\" decoding=\"async\" width=\"1024\" height=\"682\" src=\"https:\/\/corrientesdetarde.com\/wp-content\/uploads\/2025\/02\/image-32-1024x682.png\" alt=\"\" class=\"wp-image-188347\" srcset=\"https:\/\/corrientesdetarde.com\/wp-content\/uploads\/2025\/02\/image-32-1024x682.png 1024w, https:\/\/corrientesdetarde.com\/wp-content\/uploads\/2025\/02\/image-32-300x200.png 300w, https:\/\/corrientesdetarde.com\/wp-content\/uploads\/2025\/02\/image-32-768x512.png 768w, https:\/\/corrientesdetarde.com\/wp-content\/uploads\/2025\/02\/image-32.png 1280w\" sizes=\"auto, (max-width: 1024px) 100vw, 1024px\" \/><\/figure>\n\n\n\n<figure class=\"wp-block-image size-large\"><img loading=\"lazy\" decoding=\"async\" width=\"1024\" height=\"683\" src=\"https:\/\/corrientesdetarde.com\/wp-content\/uploads\/2025\/02\/image-33-1024x683.png\" alt=\"\" class=\"wp-image-188348\" srcset=\"https:\/\/corrientesdetarde.com\/wp-content\/uploads\/2025\/02\/image-33-1024x683.png 1024w, https:\/\/corrientesdetarde.com\/wp-content\/uploads\/2025\/02\/image-33-300x200.png 300w, https:\/\/corrientesdetarde.com\/wp-content\/uploads\/2025\/02\/image-33-768x512.png 768w, https:\/\/corrientesdetarde.com\/wp-content\/uploads\/2025\/02\/image-33.png 1280w\" sizes=\"auto, (max-width: 1024px) 100vw, 1024px\" \/><\/figure>\n\n\n\n<figure class=\"wp-block-image size-large\"><img loading=\"lazy\" decoding=\"async\" width=\"1024\" height=\"683\" src=\"https:\/\/corrientesdetarde.com\/wp-content\/uploads\/2025\/02\/image-34-1024x683.png\" alt=\"\" class=\"wp-image-188349\" srcset=\"https:\/\/corrientesdetarde.com\/wp-content\/uploads\/2025\/02\/image-34-1024x683.png 1024w, https:\/\/corrientesdetarde.com\/wp-content\/uploads\/2025\/02\/image-34-300x200.png 300w, https:\/\/corrientesdetarde.com\/wp-content\/uploads\/2025\/02\/image-34-768x512.png 768w, https:\/\/corrientesdetarde.com\/wp-content\/uploads\/2025\/02\/image-34.png 1280w\" sizes=\"auto, (max-width: 1024px) 100vw, 1024px\" \/><\/figure>\n\n\n\n<figure class=\"wp-block-image size-large\"><img loading=\"lazy\" decoding=\"async\" width=\"1024\" height=\"683\" src=\"https:\/\/corrientesdetarde.com\/wp-content\/uploads\/2025\/02\/image-35-1024x683.png\" alt=\"\" class=\"wp-image-188350\" srcset=\"https:\/\/corrientesdetarde.com\/wp-content\/uploads\/2025\/02\/image-35-1024x683.png 1024w, https:\/\/corrientesdetarde.com\/wp-content\/uploads\/2025\/02\/image-35-300x200.png 300w, https:\/\/corrientesdetarde.com\/wp-content\/uploads\/2025\/02\/image-35-768x512.png 768w, https:\/\/corrientesdetarde.com\/wp-content\/uploads\/2025\/02\/image-35.png 1280w\" sizes=\"auto, (max-width: 1024px) 100vw, 1024px\" \/><\/figure>\n\n\n\n<figure class=\"wp-block-image size-large\"><img loading=\"lazy\" decoding=\"async\" width=\"1024\" height=\"683\" src=\"https:\/\/corrientesdetarde.com\/wp-content\/uploads\/2025\/02\/image-36-1024x683.png\" alt=\"\" class=\"wp-image-188351\" srcset=\"https:\/\/corrientesdetarde.com\/wp-content\/uploads\/2025\/02\/image-36-1024x683.png 1024w, https:\/\/corrientesdetarde.com\/wp-content\/uploads\/2025\/02\/image-36-300x200.png 300w, https:\/\/corrientesdetarde.com\/wp-content\/uploads\/2025\/02\/image-36-768x512.png 768w, https:\/\/corrientesdetarde.com\/wp-content\/uploads\/2025\/02\/image-36.png 1280w\" sizes=\"auto, (max-width: 1024px) 100vw, 1024px\" \/><\/figure>\n\n\n\n<figure class=\"wp-block-image size-large\"><img loading=\"lazy\" decoding=\"async\" width=\"1024\" height=\"682\" src=\"https:\/\/corrientesdetarde.com\/wp-content\/uploads\/2025\/02\/image-37-1024x682.png\" alt=\"\" class=\"wp-image-188352\" srcset=\"https:\/\/corrientesdetarde.com\/wp-content\/uploads\/2025\/02\/image-37-1024x682.png 1024w, https:\/\/corrientesdetarde.com\/wp-content\/uploads\/2025\/02\/image-37-300x200.png 300w, https:\/\/corrientesdetarde.com\/wp-content\/uploads\/2025\/02\/image-37-768x512.png 768w, https:\/\/corrientesdetarde.com\/wp-content\/uploads\/2025\/02\/image-37.png 1280w\" sizes=\"auto, (max-width: 1024px) 100vw, 1024px\" \/><\/figure>\n\n\n\n<figure class=\"wp-block-image size-large\"><img loading=\"lazy\" decoding=\"async\" width=\"1024\" height=\"714\" src=\"https:\/\/corrientesdetarde.com\/wp-content\/uploads\/2025\/02\/image-38-1024x714.png\" alt=\"\" class=\"wp-image-188353\" srcset=\"https:\/\/corrientesdetarde.com\/wp-content\/uploads\/2025\/02\/image-38-1024x714.png 1024w, https:\/\/corrientesdetarde.com\/wp-content\/uploads\/2025\/02\/image-38-300x209.png 300w, https:\/\/corrientesdetarde.com\/wp-content\/uploads\/2025\/02\/image-38-768x535.png 768w, https:\/\/corrientesdetarde.com\/wp-content\/uploads\/2025\/02\/image-38.png 1280w\" sizes=\"auto, (max-width: 1024px) 100vw, 1024px\" \/><\/figure>\n\n\n\n<figure class=\"wp-block-image size-full\"><img loading=\"lazy\" decoding=\"async\" width=\"1016\" height=\"668\" src=\"https:\/\/corrientesdetarde.com\/wp-content\/uploads\/2025\/02\/image-39.png\" alt=\"\" class=\"wp-image-188354\" srcset=\"https:\/\/corrientesdetarde.com\/wp-content\/uploads\/2025\/02\/image-39.png 1016w, https:\/\/corrientesdetarde.com\/wp-content\/uploads\/2025\/02\/image-39-300x197.png 300w, https:\/\/corrientesdetarde.com\/wp-content\/uploads\/2025\/02\/image-39-768x505.png 768w\" sizes=\"auto, (max-width: 1016px) 100vw, 1016px\" \/><\/figure>\n\n\n\n<figure class=\"wp-block-image size-large\"><img loading=\"lazy\" decoding=\"async\" width=\"1024\" height=\"625\" src=\"https:\/\/corrientesdetarde.com\/wp-content\/uploads\/2025\/02\/image-40-1024x625.png\" alt=\"\" class=\"wp-image-188355\" srcset=\"https:\/\/corrientesdetarde.com\/wp-content\/uploads\/2025\/02\/image-40-1024x625.png 1024w, https:\/\/corrientesdetarde.com\/wp-content\/uploads\/2025\/02\/image-40-300x183.png 300w, https:\/\/corrientesdetarde.com\/wp-content\/uploads\/2025\/02\/image-40-768x469.png 768w, https:\/\/corrientesdetarde.com\/wp-content\/uploads\/2025\/02\/image-40.png 1439w\" sizes=\"auto, (max-width: 1024px) 100vw, 1024px\" \/><\/figure>\n","protected":false},"excerpt":{"rendered":"<p>Miles de espectadores, entre correntinos y visitantes, se dieron cita en el cors\u00f3dromo para disfrutar del carnaval oficial, que comenz\u00f3 el s\u00e1bado y convoc\u00f3 a casi 20.000 personas. Destacan el&hellip; <\/p>\n","protected":false},"author":8,"featured_media":188346,"comment_status":"closed","ping_status":"open","sticky":false,"template":"","format":"standard","meta":{"footnotes":""},"categories":[23],"tags":[],"class_list":["post-188345","post","type-post","status-publish","format-standard","has-post-thumbnail","hentry","category-actualidad"],"_links":{"self":[{"href":"https:\/\/corrientesdetarde.com\/index.php\/wp-json\/wp\/v2\/posts\/188345","targetHints":{"allow":["GET"]}}],"collection":[{"href":"https:\/\/corrientesdetarde.com\/index.php\/wp-json\/wp\/v2\/posts"}],"about":[{"href":"https:\/\/corrientesdetarde.com\/index.php\/wp-json\/wp\/v2\/types\/post"}],"author":[{"embeddable":true,"href":"https:\/\/corrientesdetarde.com\/index.php\/wp-json\/wp\/v2\/users\/8"}],"replies":[{"embeddable":true,"href":"https:\/\/corrientesdetarde.com\/index.php\/wp-json\/wp\/v2\/comments?post=188345"}],"version-history":[{"count":1,"href":"https:\/\/corrientesdetarde.com\/index.php\/wp-json\/wp\/v2\/posts\/188345\/revisions"}],"predecessor-version":[{"id":188356,"href":"https:\/\/corrientesdetarde.com\/index.php\/wp-json\/wp\/v2\/posts\/188345\/revisions\/188356"}],"wp:featuredmedia":[{"embeddable":true,"href":"https:\/\/corrientesdetarde.com\/index.php\/wp-json\/wp\/v2\/media\/188346"}],"wp:attachment":[{"href":"https:\/\/corrientesdetarde.com\/index.php\/wp-json\/wp\/v2\/media?parent=188345"}],"wp:term":[{"taxonomy":"category","embeddable":true,"href":"https:\/\/corrientesdetarde.com\/index.php\/wp-json\/wp\/v2\/categories?post=188345"},{"taxonomy":"post_tag","embeddable":true,"href":"https:\/\/corrientesdetarde.com\/index.php\/wp-json\/wp\/v2\/tags?post=188345"}],"curies":[{"name":"wp","href":"https:\/\/api.w.org\/{rel}","templated":true}]}}