{"id":18835,"date":"2022-11-11T11:11:39","date_gmt":"2022-11-11T14:11:39","guid":{"rendered":"https:\/\/corrientesdetarde.com\/?p=18835"},"modified":"2022-11-11T11:11:41","modified_gmt":"2022-11-11T14:11:41","slug":"corrientes-insistira-en-el-aumento-de-subsidios-en-el-transporte-para-el-norte-grande","status":"publish","type":"post","link":"https:\/\/corrientesdetarde.com\/index.php\/politica\/corrientes-insistira-en-el-aumento-de-subsidios-en-el-transporte-para-el-norte-grande\/","title":{"rendered":"Corrientes insistir\u00e1 en el aumento de subsidios en el transporte para el Norte Grande"},"content":{"rendered":"\n<p>Es uno de los tres proyectos que la provincia defender\u00e1 en el encuentro que se celbra este 9 y 10 de noviembre.<\/p>\n\n\n\n<p>Henry Fick, vicepresidente 1\u00b0 del senado, participar\u00e1 de diversas actividades con los parlamentarios del Norte Grande en La Rioja. La primera reuni\u00f3n de comisiones que iniciar\u00e1 este jueves por la tarde adem\u00e1s de las reuniones de las mesas ejecutivas, tiene por finalidad establecer diferentes proyectos y temas de agenda importantes para las provincias que participan.<\/p>\n\n\n\n<p>En contacto con Punto de Referencia, Fick se\u00f1al\u00f3 que Corrientes reclamar\u00e1 &#8220;al Ejecutivo nacional, la normalizaci\u00f3n de los medicamentos oncol\u00f3gicos que deben llegar al Ministerio de Salud de la Provincia&#8221;.<\/p>\n\n\n\n<p>A esto se suma el reclamo por el avance de la ley de humedales, &#8220;y volvimos a presentar un proyecto desde el Norte Grande para visibilizarlo y darle impulso y otro de los temas es el pedido del incremento del subsidio al transporte en el Presupuesto nacional. Necesitamos que eso sea distribuido en las provincias del Norte Grande&#8221; para mitigar las diferencias en las asignaciones que estos fondos tienen en el AMBA.<\/p>\n\n\n\n<p>&#8220;Estamos trabajando en un proyecto para establecer un puente entre Alvear e Itaqu\u00ed&#8221;, dijo Fick respecto a futuras presentaciones.<\/p>\n","protected":false},"excerpt":{"rendered":"<p>Es uno de los tres proyectos que la provincia defender\u00e1 en el encuentro que se celbra este 9 y 10 de noviembre. Henry Fick, vicepresidente 1\u00b0 del senado, participar\u00e1 de&hellip; <\/p>\n","protected":false},"author":4,"featured_media":18836,"comment_status":"closed","ping_status":"open","sticky":false,"template":"","format":"standard","meta":{"footnotes":""},"categories":[3],"tags":[],"class_list":["post-18835","post","type-post","status-publish","format-standard","has-post-thumbnail","hentry","category-politica"],"_links":{"self":[{"href":"https:\/\/corrientesdetarde.com\/index.php\/wp-json\/wp\/v2\/posts\/18835","targetHints":{"allow":["GET"]}}],"collection":[{"href":"https:\/\/corrientesdetarde.com\/index.php\/wp-json\/wp\/v2\/posts"}],"about":[{"href":"https:\/\/corrientesdetarde.com\/index.php\/wp-json\/wp\/v2\/types\/post"}],"author":[{"embeddable":true,"href":"https:\/\/corrientesdetarde.com\/index.php\/wp-json\/wp\/v2\/users\/4"}],"replies":[{"embeddable":true,"href":"https:\/\/corrientesdetarde.com\/index.php\/wp-json\/wp\/v2\/comments?post=18835"}],"version-history":[{"count":1,"href":"https:\/\/corrientesdetarde.com\/index.php\/wp-json\/wp\/v2\/posts\/18835\/revisions"}],"predecessor-version":[{"id":18837,"href":"https:\/\/corrientesdetarde.com\/index.php\/wp-json\/wp\/v2\/posts\/18835\/revisions\/18837"}],"wp:featuredmedia":[{"embeddable":true,"href":"https:\/\/corrientesdetarde.com\/index.php\/wp-json\/wp\/v2\/media\/18836"}],"wp:attachment":[{"href":"https:\/\/corrientesdetarde.com\/index.php\/wp-json\/wp\/v2\/media?parent=18835"}],"wp:term":[{"taxonomy":"category","embeddable":true,"href":"https:\/\/corrientesdetarde.com\/index.php\/wp-json\/wp\/v2\/categories?post=18835"},{"taxonomy":"post_tag","embeddable":true,"href":"https:\/\/corrientesdetarde.com\/index.php\/wp-json\/wp\/v2\/tags?post=18835"}],"curies":[{"name":"wp","href":"https:\/\/api.w.org\/{rel}","templated":true}]}}