{"id":188360,"date":"2025-02-03T14:18:26","date_gmt":"2025-02-03T17:18:26","guid":{"rendered":"https:\/\/corrientesdetarde.com\/?p=188360"},"modified":"2025-02-03T14:18:38","modified_gmt":"2025-02-03T17:18:38","slug":"salud-publica-realizo-la-cobertura-sanitaria-en-los-carnavales","status":"publish","type":"post","link":"https:\/\/corrientesdetarde.com\/index.php\/bienestar-y-salud\/salud-publica-realizo-la-cobertura-sanitaria-en-los-carnavales\/","title":{"rendered":"Salud P\u00fablica realiz\u00f3 la cobertura sanitaria en los\u00a0Carnavales"},"content":{"rendered":"\n<p><em>Se cont\u00f3 con un equipo de 30 personas, compuesto por m\u00e9dicos, enfermeros, param\u00e9dicos y choferes. Hubo ambulancias y carpas para atender eventualidades.<\/em><\/p>\n\n\n\n<p>El Ministerio de Salud P\u00fablica, realiz\u00f3 la cobertura sanitaria durante la primera noche de&nbsp;Carnavales Oficiales 2025 en el Cors\u00f3dromo \u201cNolo Alias\u201d y lo har\u00e1 en los shows de comparsas en el Anfiteatro \u201cMario del Tr\u00e1nsito Cocomarola\u201d. Las atenciones est\u00e1n a cargo de la Direcci\u00f3n de Operativos Sanitarios junto a la Direcci\u00f3n de Emergencias Sanitarias (DES).<\/p>\n\n\n\n<p>\u201cPor indicaci\u00f3n del ministro Ricardo Cardozo, llevamos adelante la cobertura en el Cors\u00f3dromo como lo hicimos en a\u00f1os anteriores. En esta oportunidad con la Direcci\u00f3n de Operativos Sanitarios junto a la DES, estamos a cargo durante las 10 noches y tambi\u00e9n durante los shows de comparsas en el Anfiteatro\u201d, dijo el director de Operativos Sanitarios,&nbsp;<strong>Eduardo Farizano.<\/strong><\/p>\n\n\n\n<p>El operativo en el Cors\u00f3dromo est\u00e1 compuesto por cinco estaciones, con 4 consultorios m\u00f3viles y 2 ambulancias de traslado. Todos los puestos cuentan con personal de enfermer\u00eda, param\u00e9dicos y choferes.<\/p>\n\n\n\n<p>En esta oportunidad trabajan tambi\u00e9n con la sala municipal y se agregaron 2 carpas, ambulancias de traslado y m\u00e9dicos.&nbsp;<\/p>\n\n\n\n<p>En la primera noche hubo un promedio de 50 atenciones. Las patolog\u00edas que surgieron fueron \u201cpor fatiga muscular, cansancio, deshidrataci\u00f3n e hipertensi\u00f3n, entre otras\u201d. En este sentido, record\u00f3 la importancia de \u201cuna buena alimentaci\u00f3n antes de ir al Cors\u00f3dromo\u201d.<\/p>\n\n\n\n<p>\u201cEste dispositivo es similar al que implementamos para la cobertura de las diez noches de la Fiesta Nacional del Chamam\u00e9, donde realizamos 233 atenciones y 12 traslados a hospitales\u201d, finaliz\u00f3.<\/p>\n\n\n\n<figure class=\"wp-block-image size-large\"><img loading=\"lazy\" decoding=\"async\" width=\"768\" height=\"1024\" src=\"https:\/\/corrientesdetarde.com\/wp-content\/uploads\/2025\/02\/image-41-768x1024.png\" alt=\"\" class=\"wp-image-188361\" srcset=\"https:\/\/corrientesdetarde.com\/wp-content\/uploads\/2025\/02\/image-41-768x1024.png 768w, https:\/\/corrientesdetarde.com\/wp-content\/uploads\/2025\/02\/image-41-225x300.png 225w, https:\/\/corrientesdetarde.com\/wp-content\/uploads\/2025\/02\/image-41-1152x1536.png 1152w, https:\/\/corrientesdetarde.com\/wp-content\/uploads\/2025\/02\/image-41-1536x2048.png 1536w\" sizes=\"auto, (max-width: 768px) 100vw, 768px\" \/><\/figure>\n\n\n\n<figure class=\"wp-block-image size-large\"><img loading=\"lazy\" decoding=\"async\" width=\"1024\" height=\"768\" src=\"https:\/\/corrientesdetarde.com\/wp-content\/uploads\/2025\/02\/image-42-1024x768.png\" alt=\"\" class=\"wp-image-188362\" srcset=\"https:\/\/corrientesdetarde.com\/wp-content\/uploads\/2025\/02\/image-42-1024x768.png 1024w, https:\/\/corrientesdetarde.com\/wp-content\/uploads\/2025\/02\/image-42-300x225.png 300w, https:\/\/corrientesdetarde.com\/wp-content\/uploads\/2025\/02\/image-42-768x576.png 768w, https:\/\/corrientesdetarde.com\/wp-content\/uploads\/2025\/02\/image-42-1536x1152.png 1536w, https:\/\/corrientesdetarde.com\/wp-content\/uploads\/2025\/02\/image-42.png 1600w\" sizes=\"auto, (max-width: 1024px) 100vw, 1024px\" \/><\/figure>\n","protected":false},"excerpt":{"rendered":"<p>Se cont\u00f3 con un equipo de 30 personas, compuesto por m\u00e9dicos, enfermeros, param\u00e9dicos y choferes. Hubo ambulancias y carpas para atender eventualidades. El Ministerio de Salud P\u00fablica, realiz\u00f3 la cobertura&hellip; <\/p>\n","protected":false},"author":8,"featured_media":188361,"comment_status":"closed","ping_status":"open","sticky":false,"template":"","format":"standard","meta":{"footnotes":""},"categories":[16],"tags":[],"class_list":["post-188360","post","type-post","status-publish","format-standard","has-post-thumbnail","hentry","category-bienestar-y-salud"],"_links":{"self":[{"href":"https:\/\/corrientesdetarde.com\/index.php\/wp-json\/wp\/v2\/posts\/188360","targetHints":{"allow":["GET"]}}],"collection":[{"href":"https:\/\/corrientesdetarde.com\/index.php\/wp-json\/wp\/v2\/posts"}],"about":[{"href":"https:\/\/corrientesdetarde.com\/index.php\/wp-json\/wp\/v2\/types\/post"}],"author":[{"embeddable":true,"href":"https:\/\/corrientesdetarde.com\/index.php\/wp-json\/wp\/v2\/users\/8"}],"replies":[{"embeddable":true,"href":"https:\/\/corrientesdetarde.com\/index.php\/wp-json\/wp\/v2\/comments?post=188360"}],"version-history":[{"count":1,"href":"https:\/\/corrientesdetarde.com\/index.php\/wp-json\/wp\/v2\/posts\/188360\/revisions"}],"predecessor-version":[{"id":188363,"href":"https:\/\/corrientesdetarde.com\/index.php\/wp-json\/wp\/v2\/posts\/188360\/revisions\/188363"}],"wp:featuredmedia":[{"embeddable":true,"href":"https:\/\/corrientesdetarde.com\/index.php\/wp-json\/wp\/v2\/media\/188361"}],"wp:attachment":[{"href":"https:\/\/corrientesdetarde.com\/index.php\/wp-json\/wp\/v2\/media?parent=188360"}],"wp:term":[{"taxonomy":"category","embeddable":true,"href":"https:\/\/corrientesdetarde.com\/index.php\/wp-json\/wp\/v2\/categories?post=188360"},{"taxonomy":"post_tag","embeddable":true,"href":"https:\/\/corrientesdetarde.com\/index.php\/wp-json\/wp\/v2\/tags?post=188360"}],"curies":[{"name":"wp","href":"https:\/\/api.w.org\/{rel}","templated":true}]}}