{"id":188376,"date":"2025-02-03T15:06:04","date_gmt":"2025-02-03T18:06:04","guid":{"rendered":"https:\/\/corrientesdetarde.com\/?p=188376"},"modified":"2025-02-03T15:06:08","modified_gmt":"2025-02-03T18:06:08","slug":"milei-viajara-a-estados-unidos-para-reforzar-la-relacion-con-el-gobierno-de-trump","status":"publish","type":"post","link":"https:\/\/corrientesdetarde.com\/index.php\/politica\/milei-viajara-a-estados-unidos-para-reforzar-la-relacion-con-el-gobierno-de-trump\/","title":{"rendered":"Milei viajar\u00e1 a Estados Unidos para reforzar la relaci\u00f3n con el gobierno de Trump"},"content":{"rendered":"\n<p>El presidente prev\u00e9 reunirse con el magnate de Tesla Elon Musk a fines de febrero. Ser\u00e1 su segundo viaje del a\u00f1o a Washington.<\/p>\n\n\n\n<p><a href=\"https:\/\/tn.com.ar\/autor\/Josefina-Godoy-Martinez\/\"><\/a><\/p>\n\n\n\n<p>El presidente <strong>Javier Milei<\/strong>\u00a0viajar\u00e1 a fines de febrero a\u00a0<strong>Estados Unidos<\/strong>\u00a0para reforzar el v\u00ednculo bilateral con el gobierno republicano. Su visita ser\u00e1 la segunda del a\u00f1o tras su participaci\u00f3n en la asunci\u00f3n de\u00a0<strong>Donald Trump<\/strong>.<\/p>\n\n\n\n<p>Se\u00a0pudo saber de fuentes oficiales que el l\u00edder libertario prev\u00e9 reunirse con el multimillonario due\u00f1o de Tesla y funcionario del gobierno de Trump,\u00a0<strong>Elon Musk.<\/strong><\/p>\n\n\n\n<p>Estados Unidos es el pa\u00eds que m\u00e1s veces visit\u00f3 Milei, desde que asumi\u00f3. En ese contexto, su \u00faltima visita a Washington gener\u00f3 buenas expectativas en el Ejecutivo. \u201cToda la familia de Trump le pidi\u00f3 fotos a Milei durante la ceremonia religiosa de la asunci\u00f3n. Adem\u00e1s, tuvo una ubicaci\u00f3n privilegiada atr\u00e1s de Barack Obama durante la jura\u201d, coment\u00f3 un funcionario en Balcarce 50.<\/p>\n\n\n\n<p>Durante ese evento, el entorno de la c\u00fapula del Ejecutivo tambi\u00e9n se\u00f1al\u00f3 la exclusividad que el Presidente y su hermana, Karina, recibieron: \u201cLos diferenciaban del resto, les dieron un auto especial para movilizarse y Donald le hizo gestos en la iglesia\u201d.<\/p>\n\n\n\n<figure class=\"wp-block-image\"><img decoding=\"async\" src=\"https:\/\/tn.com.ar\/resizer\/v2\/donald-trump-y-javier-milei-durante-un-encuentro-en-mar-a-lago-foto-afpjoe-raedle-O3S6QU4PA5CPFLNHPBZW4J767Y.jpg?auth=cf5ac29aec9b295f1739f7b76a45008e1ef93d4854ca28e086b84b7455429fed&amp;width=767\" alt=\"Donald Trump y Javier Milei durante un encuentro en Mar-a-Lago. (Foto: AFP\/Joe Raedle).\"\/><figcaption class=\"wp-element-caption\">Donald Trump y Javier Milei durante un encuentro en Mar-a-Lago. <\/figcaption><\/figure>\n\n\n\n<p><\/p>\n","protected":false},"excerpt":{"rendered":"<p>El presidente prev\u00e9 reunirse con el magnate de Tesla Elon Musk a fines de febrero. Ser\u00e1 su segundo viaje del a\u00f1o a Washington. El presidente Javier Milei\u00a0viajar\u00e1 a fines de&hellip; <\/p>\n","protected":false},"author":8,"featured_media":188377,"comment_status":"closed","ping_status":"open","sticky":false,"template":"","format":"standard","meta":{"footnotes":""},"categories":[3],"tags":[],"class_list":["post-188376","post","type-post","status-publish","format-standard","has-post-thumbnail","hentry","category-politica"],"_links":{"self":[{"href":"https:\/\/corrientesdetarde.com\/index.php\/wp-json\/wp\/v2\/posts\/188376","targetHints":{"allow":["GET"]}}],"collection":[{"href":"https:\/\/corrientesdetarde.com\/index.php\/wp-json\/wp\/v2\/posts"}],"about":[{"href":"https:\/\/corrientesdetarde.com\/index.php\/wp-json\/wp\/v2\/types\/post"}],"author":[{"embeddable":true,"href":"https:\/\/corrientesdetarde.com\/index.php\/wp-json\/wp\/v2\/users\/8"}],"replies":[{"embeddable":true,"href":"https:\/\/corrientesdetarde.com\/index.php\/wp-json\/wp\/v2\/comments?post=188376"}],"version-history":[{"count":1,"href":"https:\/\/corrientesdetarde.com\/index.php\/wp-json\/wp\/v2\/posts\/188376\/revisions"}],"predecessor-version":[{"id":188378,"href":"https:\/\/corrientesdetarde.com\/index.php\/wp-json\/wp\/v2\/posts\/188376\/revisions\/188378"}],"wp:featuredmedia":[{"embeddable":true,"href":"https:\/\/corrientesdetarde.com\/index.php\/wp-json\/wp\/v2\/media\/188377"}],"wp:attachment":[{"href":"https:\/\/corrientesdetarde.com\/index.php\/wp-json\/wp\/v2\/media?parent=188376"}],"wp:term":[{"taxonomy":"category","embeddable":true,"href":"https:\/\/corrientesdetarde.com\/index.php\/wp-json\/wp\/v2\/categories?post=188376"},{"taxonomy":"post_tag","embeddable":true,"href":"https:\/\/corrientesdetarde.com\/index.php\/wp-json\/wp\/v2\/tags?post=188376"}],"curies":[{"name":"wp","href":"https:\/\/api.w.org\/{rel}","templated":true}]}}