{"id":188379,"date":"2025-02-03T15:07:43","date_gmt":"2025-02-03T18:07:43","guid":{"rendered":"https:\/\/corrientesdetarde.com\/?p=188379"},"modified":"2025-02-03T15:07:54","modified_gmt":"2025-02-03T18:07:54","slug":"se-confirmo-la-grave-lesion-de-lisandro-martinez-cuanto-tiempo-estara-fuera-de-las-canchas","status":"publish","type":"post","link":"https:\/\/corrientesdetarde.com\/index.php\/deportes\/se-confirmo-la-grave-lesion-de-lisandro-martinez-cuanto-tiempo-estara-fuera-de-las-canchas\/","title":{"rendered":"Se confirm\u00f3 la grave lesi\u00f3n de Lisandro Mart\u00ednez: cu\u00e1nto tiempo estar\u00e1 fuera de las canchas"},"content":{"rendered":"\n<p>El defensor del Manchester United sali\u00f3 en camilla del partido ante Crystal Palace a los 75 minutos con un fuerte dolor en su rodilla izquierda.<\/p>\n\n\n\n<p>Este domingo se confirm\u00f3 la\u00a0<strong>grave lesi\u00f3n de Lisandro Mart\u00ednez<\/strong>: el defensor del\u00a0<strong>Manchester United\u00a0<\/strong>se rompi\u00f3 los ligamentos cruzados de su rodilla izquierda y<strong>\u00a0estar\u00e1 al menos seis meses fuera<\/strong>\u00a0de las canchas.<\/p>\n\n\n\n<p>A la espera del comunicado oficial del Manchester United, ya trascendieron los resultados de los estudios m\u00e9dicos y el defensor de la&nbsp;<strong>Selecci\u00f3n argentina&nbsp;<\/strong>comenzar\u00e1 su recuperaci\u00f3n inmediatamente luego de ser operado.<\/p>\n\n\n\n<p>El domingo, desde el club ingl\u00e9s le mandaron un c\u00e1lido mensaje a Mart\u00ednez para darle apoyo en este dif\u00edcil momento: \u201c<strong>Nuestros corazones est\u00e1n rotos por vos, Licha.&nbsp;<\/strong>Estaremos con vos durante tu recuperaci\u00f3n y vas a volver m\u00e1s fuerte\u201d.<\/p>\n\n\n\n<figure class=\"wp-block-image\"><img decoding=\"async\" src=\"https:\/\/tn.com.ar\/resizer\/v2\/el-emotivo-mensaje-del-manchester-united-para-licha-foto-xmanutd-XSZ457WCA5EH3OFLIO2IDXPNXI.PNG?auth=ea4210b252c67cb8be3c8a1557e23afa540ceb6727d410cb788dfa8a650a0c81&amp;width=767\" alt=\"El emotivo mensaje del Manchester United para Licha (Foto: X\/@ManUtd)\"\/><\/figure>\n\n\n\n<p>El defensor argentino tuvo que salir con&nbsp;<strong>mucho dolor en su rodilla izquierda<\/strong>, llorando en la camilla. Fue cerca del final del partido que su equipo perdi\u00f3 2-0 el domingo contra el Crystal Palace por la Premier League.<\/p>\n\n\n\n<p>La lesi\u00f3n se produjo en el minuto 75 del encuentro, cuando disput\u00f3 una pelota con&nbsp;<strong>Ismalia Saar.&nbsp;<\/strong>En medio de empujones, pis\u00f3 el c\u00e9sped con la pierna estirada y se tir\u00f3 al suelo. Inmediatamente pidi\u00f3 el cambio y encendi\u00f3 las alarmas.<\/p>\n\n\n\n<figure class=\"wp-block-image\"><img decoding=\"async\" src=\"https:\/\/tn.com.ar\/resizer\/v2\/https%3A%2F%2Fthumbs.vodgc.net%2F1-398-ZJuNbS1738512088414-1738512191.jpg?auth=8096c37334606d7bcddd7c94ccfd9f871f303952d831d04824d0d77ceaee35f4&amp;width=767\" alt=\"Video Placeholder\"\/><\/figure>\n\n\n\n<p><\/p>\n\n\n\n<h2 class=\"wp-block-heading\">Qu\u00e9 dijo el entrenador del Manchester United sobre la lesi\u00f3n de Lisandro Mart\u00ednez<\/h2>\n\n\n\n<p>El portugu\u00e9s Ruben Amorim habl\u00f3 sobre la lesi\u00f3n del argentino al terminar el partido: \u201c<strong>Creo que es una situaci\u00f3n seria.&nbsp;<\/strong>No solo es un gran jugador, sino que tiene un car\u00e1cter fuerte en el vestuario. Cuando eres jugador, sientes cu\u00e1ndo es algo serio. Estamos aqu\u00ed para ayudarlo en este momento dif\u00edcil\u201d.<\/p>\n\n\n\n<p>La lesi\u00f3n de Licha no solo preocupa al entrenador del Manchester United, sino tambi\u00e9n a Lionel Scaloni. Los pr\u00f3ximos partidos de la Selecci\u00f3n argentina ser\u00e1n con Uruguay el&nbsp;<strong>viernes 21 de marzo<\/strong>, desde las 20.30, en Montevideo, y frente a Brasil el&nbsp;<strong>martes 25 de marzo<\/strong>, desde las 21 en el Monumental.<\/p>\n","protected":false},"excerpt":{"rendered":"<p>El defensor del Manchester United sali\u00f3 en camilla del partido ante Crystal Palace a los 75 minutos con un fuerte dolor en su rodilla izquierda. Este domingo se confirm\u00f3 la\u00a0grave&hellip; <\/p>\n","protected":false},"author":8,"featured_media":188380,"comment_status":"closed","ping_status":"open","sticky":false,"template":"","format":"standard","meta":{"footnotes":""},"categories":[4],"tags":[],"class_list":["post-188379","post","type-post","status-publish","format-standard","has-post-thumbnail","hentry","category-deportes"],"_links":{"self":[{"href":"https:\/\/corrientesdetarde.com\/index.php\/wp-json\/wp\/v2\/posts\/188379","targetHints":{"allow":["GET"]}}],"collection":[{"href":"https:\/\/corrientesdetarde.com\/index.php\/wp-json\/wp\/v2\/posts"}],"about":[{"href":"https:\/\/corrientesdetarde.com\/index.php\/wp-json\/wp\/v2\/types\/post"}],"author":[{"embeddable":true,"href":"https:\/\/corrientesdetarde.com\/index.php\/wp-json\/wp\/v2\/users\/8"}],"replies":[{"embeddable":true,"href":"https:\/\/corrientesdetarde.com\/index.php\/wp-json\/wp\/v2\/comments?post=188379"}],"version-history":[{"count":1,"href":"https:\/\/corrientesdetarde.com\/index.php\/wp-json\/wp\/v2\/posts\/188379\/revisions"}],"predecessor-version":[{"id":188381,"href":"https:\/\/corrientesdetarde.com\/index.php\/wp-json\/wp\/v2\/posts\/188379\/revisions\/188381"}],"wp:featuredmedia":[{"embeddable":true,"href":"https:\/\/corrientesdetarde.com\/index.php\/wp-json\/wp\/v2\/media\/188380"}],"wp:attachment":[{"href":"https:\/\/corrientesdetarde.com\/index.php\/wp-json\/wp\/v2\/media?parent=188379"}],"wp:term":[{"taxonomy":"category","embeddable":true,"href":"https:\/\/corrientesdetarde.com\/index.php\/wp-json\/wp\/v2\/categories?post=188379"},{"taxonomy":"post_tag","embeddable":true,"href":"https:\/\/corrientesdetarde.com\/index.php\/wp-json\/wp\/v2\/tags?post=188379"}],"curies":[{"name":"wp","href":"https:\/\/api.w.org\/{rel}","templated":true}]}}