{"id":188388,"date":"2025-02-03T15:15:06","date_gmt":"2025-02-03T18:15:06","guid":{"rendered":"https:\/\/corrientesdetarde.com\/?p=188388"},"modified":"2025-02-03T15:15:14","modified_gmt":"2025-02-03T18:15:14","slug":"la-presidenta-de-mexico-aseguro-que-trump-suspendera-por-un-mes-la-aplicacion-de-la-suba-de-aranceles","status":"publish","type":"post","link":"https:\/\/corrientesdetarde.com\/index.php\/internacionales\/la-presidenta-de-mexico-aseguro-que-trump-suspendera-por-un-mes-la-aplicacion-de-la-suba-de-aranceles\/","title":{"rendered":"La presidenta de M\u00e9xico asegur\u00f3 que Trump suspender\u00e1 por un mes la aplicaci\u00f3n de la suba de aranceles"},"content":{"rendered":"\n<p>Claudia Sheinbaum cont\u00f3 que habl\u00f3 con su par de EE.UU. y llegaron a acuerdos en materia de seguridad. El republicano confirm\u00f3 el anuncio.<\/p>\n\n\n\n<p>La presidenta de M\u00e9xico,\u00a0<strong>Claudia Sheinbaum,<\/strong>\u00a0anunci\u00f3 que Estados Unidos decidi\u00f3\u00a0<strong>frenar por un mes<\/strong>\u00a0la aplicaci\u00f3n de los\u00a0<strong>aranceles de 25%<\/strong>\u00a0para ese pa\u00eds despu\u00e9s de alcanzar acuerdos en materia de seguridad. El republicano,\u00a0<strong>Donald Trump,<\/strong>\u00a0<strong>confirm\u00f3\u00a0<\/strong>el anuncio que hizo la mandataria.<\/p>\n\n\n\n<p>Sheinbaum dijo en un mensaje de su cuenta de&nbsp;<em>X<\/em>&nbsp;que tras una conversaci\u00f3n telef\u00f3nica con el presidente de Estados Unidos se decidi\u00f3 poner en \u201cpausa los aranceles por un mes a partir de ahora\u201d.<\/p>\n\n\n\n<p>La presidenta de M\u00e9xico escribi\u00f3: \u201cSostuvimos una buena conversaci\u00f3n con el presidente Trump con mucho respeto a nuestra relaci\u00f3n y la soberan\u00eda y llegamos a una serie de acuerdos\u201d.<\/p>\n\n\n\n<figure class=\"wp-block-image\"><img decoding=\"async\" src=\"https:\/\/tn.com.ar\/resizer\/v2\/la-presidenta-de-mexico-claudia-sheinbaum-anuncio-que-su-par-de-estados-unidos-donald-trump-suspendera-por-un-mes-la-aplicacion-de-la-suba-de-aranceles-foto-captura-x-claudiashein-FBURKFAS7NGXHH2TQWXK4C4RTY.jpg?auth=88974d4740dc7d7f277b8fdb033da5172d5406d4efa916c8efce385c76ccd998&amp;width=767\" alt=\"La presidenta de M\u00e9xico, Claudia Sheinbaum, anunci\u00f3 que su par de Estados Unidos, Donald Trump, suspender\u00e1 por un mes la aplicaci\u00f3n de la suba de aranceles. (Foto: captura X @Claudiashein)\"\/><figcaption class=\"wp-element-caption\">La presidenta de M\u00e9xico, Claudia Sheinbaum, anunci\u00f3 que su par de Estados Unidos, Donald Trump, suspender\u00e1 por un mes la aplicaci\u00f3n de la suba de aranceles. (Foto: captura X @Claudiashein)<\/figcaption><\/figure>\n\n\n\n<p>Sheinbaum detall\u00f3: \u201c1. M\u00e9xico reforzar\u00e1 la frontera norte con 10 mil elementos de la Guardia Nacional de forma inmediata, para evitar el tr\u00e1fico de drogas de M\u00e9xico a Estados Unidos, en particular fentanilo. 2. Estados Unidos se compromete a trabajar para evitar el tr\u00e1fico de armas de alto poder a M\u00e9xico. 3. Nuestros equipos empezar\u00e1n a trabajar hoy mismo en dos vertientes: seguridad y comercio. 4. Se ponen en&nbsp;<strong>pausa<\/strong>&nbsp;los aranceles por un mes a partir de ahora\u201d.<\/p>\n\n\n\n<h2 class=\"wp-block-heading\">Donald Trump confirm\u00f3 que posterga por un mes la vigencia de los aranceles a M\u00e9xico<\/h2>\n\n\n\n<p>Trump confirm\u00f3 el anuncio de Sheinbaum de retraso por un mes de la entrada en vigencia de los aranceles del 25 % a M\u00e9xico, despu\u00e9s de una conversaci\u00f3n telef\u00f3nica con la mandataria, que se comprometi\u00f3 a desplegar 10.000 efectivos de la Guardia Nacional en la frontera com\u00fan.<\/p>\n\n\n\n<p>Trump explic\u00f3 en su red&nbsp;<em>Truth Social<\/em>&nbsp;que durante ese mes de suspensi\u00f3n habr\u00e1 negociaciones entre ambos pa\u00edses, que por parte de EE.UU. estar\u00e1n encabezadas por el secretario de Estado, Marco Rubio, el secretario del Tesoro, Scott Bessent, y el secretario de Comercio, Howard Lutnick.<\/p>\n\n\n\n<h2 class=\"wp-block-heading\">El anuncio de Donald Trump de aranceles de 25% a todas las exportaciones de M\u00e9xico y Canad\u00e1<\/h2>\n\n\n\n<p>Trump hab\u00eda anunciado el s\u00e1bado&nbsp;<strong>aranceles de 25%<\/strong>&nbsp;a todas las exportaciones de M\u00e9xico y Canad\u00e1, sus socios en el tratado de libre comercio T-MEC, con acusaciones a ambos pa\u00edses de permitir el flujo de migrantes irregulares y drogas a su territorio. Estados Unidos es el<strong>&nbsp;principal destino<\/strong>&nbsp;de las exportaciones mexicanas, que se vieron beneficiadas por el tratado de libre comercio de Am\u00e9rica del Norte.<\/p>\n\n\n\n<p>Sheinbaum dijo el domingo que propuso una mesa de di\u00e1logo con Trump sobre migraci\u00f3n y narcotr\u00e1fico, al reiterar que los aranceles tendr\u00edan efectos \u201cmuy graves\u201d para la econom\u00eda estadounidense, ya que aumentar\u00edan los precios de los productos que se exportan desde M\u00e9xico.<\/p>\n","protected":false},"excerpt":{"rendered":"<p>Claudia Sheinbaum cont\u00f3 que habl\u00f3 con su par de EE.UU. y llegaron a acuerdos en materia de seguridad. El republicano confirm\u00f3 el anuncio. La presidenta de M\u00e9xico,\u00a0Claudia Sheinbaum,\u00a0anunci\u00f3 que Estados&hellip; <\/p>\n","protected":false},"author":8,"featured_media":188389,"comment_status":"closed","ping_status":"open","sticky":false,"template":"","format":"standard","meta":{"footnotes":""},"categories":[11],"tags":[],"class_list":["post-188388","post","type-post","status-publish","format-standard","has-post-thumbnail","hentry","category-internacionales"],"_links":{"self":[{"href":"https:\/\/corrientesdetarde.com\/index.php\/wp-json\/wp\/v2\/posts\/188388","targetHints":{"allow":["GET"]}}],"collection":[{"href":"https:\/\/corrientesdetarde.com\/index.php\/wp-json\/wp\/v2\/posts"}],"about":[{"href":"https:\/\/corrientesdetarde.com\/index.php\/wp-json\/wp\/v2\/types\/post"}],"author":[{"embeddable":true,"href":"https:\/\/corrientesdetarde.com\/index.php\/wp-json\/wp\/v2\/users\/8"}],"replies":[{"embeddable":true,"href":"https:\/\/corrientesdetarde.com\/index.php\/wp-json\/wp\/v2\/comments?post=188388"}],"version-history":[{"count":1,"href":"https:\/\/corrientesdetarde.com\/index.php\/wp-json\/wp\/v2\/posts\/188388\/revisions"}],"predecessor-version":[{"id":188390,"href":"https:\/\/corrientesdetarde.com\/index.php\/wp-json\/wp\/v2\/posts\/188388\/revisions\/188390"}],"wp:featuredmedia":[{"embeddable":true,"href":"https:\/\/corrientesdetarde.com\/index.php\/wp-json\/wp\/v2\/media\/188389"}],"wp:attachment":[{"href":"https:\/\/corrientesdetarde.com\/index.php\/wp-json\/wp\/v2\/media?parent=188388"}],"wp:term":[{"taxonomy":"category","embeddable":true,"href":"https:\/\/corrientesdetarde.com\/index.php\/wp-json\/wp\/v2\/categories?post=188388"},{"taxonomy":"post_tag","embeddable":true,"href":"https:\/\/corrientesdetarde.com\/index.php\/wp-json\/wp\/v2\/tags?post=188388"}],"curies":[{"name":"wp","href":"https:\/\/api.w.org\/{rel}","templated":true}]}}