{"id":188394,"date":"2025-02-03T15:30:08","date_gmt":"2025-02-03T18:30:08","guid":{"rendered":"https:\/\/corrientesdetarde.com\/?p=188394"},"modified":"2025-02-03T15:30:24","modified_gmt":"2025-02-03T18:30:24","slug":"la-denuncia-de-la-federacion-de-tenis-de-chile-tras-la-escandalosa-eliminacion-de-su-jugador-en-la-copa-davis","status":"publish","type":"post","link":"https:\/\/corrientesdetarde.com\/index.php\/deportes\/la-denuncia-de-la-federacion-de-tenis-de-chile-tras-la-escandalosa-eliminacion-de-su-jugador-en-la-copa-davis\/","title":{"rendered":"La denuncia de la Federaci\u00f3n de Tenis de Chile tras la escandalosa eliminaci\u00f3n de su jugador en la Copa Davis"},"content":{"rendered":"\n<p>La entidad emiti\u00f3 un comunicado luego del pol\u00e9mico cierre de la serie ante B\u00e9lgica por la Copa Davis.<\/p>\n\n\n\n<p>La pol\u00e9mica serie de\u00a0<strong>Copa Davis<\/strong>\u00a0entre B\u00e9lgica y Chile suma un cap\u00edtulo m\u00e1s. Tras el esc\u00e1ndalo de\u00a0<strong>Cristian Gar\u00edn<\/strong>\u00a0(133\u00b0) y\u00a0<strong>Zizou Bergs\u00a0<\/strong>(60\u00b0), la Federaci\u00f3n de Tenis de Chile sac\u00f3 un comunicado contra la organizaci\u00f3n y la ITF (Federaci\u00f3n Internacional de Tenis).<\/p>\n\n\n\n<p>\u201c<strong>Buscaremos justicia y defenderemos los intereses de nuestros deportistas y del tenis chileno\u201d<\/strong>, expresaron desde la entidad en sus redes sociales.<\/p>\n\n\n\n<p>Con el marcador 6-3, 4-6 y 6-5 a favor de Bergs, el encuentro se fren\u00f3 porque en su festejo el belga choc\u00f3 contra Gar\u00edn, que termin\u00f3 en el piso. Aunque fue atendido por los m\u00e9dicos de la pista,&nbsp;<strong>el chileno se neg\u00f3 a reanudar el juego<\/strong>.<\/p>\n\n\n\n<figure class=\"wp-block-image\"><img decoding=\"async\" src=\"https:\/\/tn.com.ar\/resizer\/v2\/https%3A%2F%2Fthumbs.vodgc.net%2F1-14-WwYolR1738530679124-1738535114.jpg?auth=e4c1e4423195ac98d831635ecb3a1e57af588cdac8eb8f230dd1740bd6c94a25&amp;width=767\" alt=\"Video Placeholder\"\/><\/figure>\n\n\n\n<p>El \u00e1rbitro Carlos Ramos sancion\u00f3 en primera instancia al chileno, que se neg\u00f3 a seguir jugando y<strong>&nbsp;termin\u00f3 siendo descalificado. As\u00ed, el elenco europeo consigui\u00f3 el punto para terminar 3-1 y avanzar de ronda en el certamen.<\/strong><\/p>\n\n\n\n<p>Gar\u00edn comparti\u00f3 en sus redes una foto de c\u00f3mo le qued\u00f3 la cara e hizo un fuerte posteo. \u201cSigo sin creer que nos descalificaron, que&nbsp;<strong>el \u00e1rbitro general me forzara a jugar con mareos y sin poder bien despu\u00e9s de 2 horas, 40 minutos jugando a alta intensidad<\/strong>\u201d, escribi\u00f3 en su cuenta de Instagram.<\/p>\n\n\n\n<h2 class=\"wp-block-heading\">El comunicado completo de la Federaci\u00f3n de Tenis se queja contra la IFT por esc\u00e1ndalo en la Copa Davis<\/h2>\n\n\n\n<p><em>La Federaci\u00f3n de Tenis de Chile expresa su profunda consternaci\u00f3n y rechazo ante los hechos ocurridos durante la serie de Copa Davis disputada contra B\u00e9lgica este domingo 2 de febrero de 2025 en Hasselt, v\u00e1lida por la primera ronda de Qualifiers del Grupo Mundial. En dicha instancia, nuestro jugador Cristian Gar\u00edn fue agredido por Zizou Bergs y, de forma inentendible e inaceptable, termin\u00f3 siendo descalificado, lo que signific\u00f3 la derrota de nuestro pa\u00eds por 3-1<\/em><\/p>\n\n\n\n<p><em>Debido a esta injusticia, anunciamos que iniciaremos todas las acciones pertinentes ante la Federaci\u00f3n Internacional de Tenis (ITF) para buscar justicia y defender los intereses de nuestros deportistas y del tenis chileno<\/em><\/p>\n\n\n\n<p><em>Valoramos mucho las numerosas muestras de solidaridad expresadas por la comunidad ten\u00edstica internacional ante esta injusticia. Finalmente, hacemos un llamado a las autoridades deportivas internacionales para que revisen este caso con la seriedad y objetividad que merece, asegurando que situaciones como esta no se repitan en el futuro, por el bien de una competici\u00f3n con tanta historia y prestigio como la Copa Davis.<\/em><\/p>\n","protected":false},"excerpt":{"rendered":"<p>La entidad emiti\u00f3 un comunicado luego del pol\u00e9mico cierre de la serie ante B\u00e9lgica por la Copa Davis. La pol\u00e9mica serie de\u00a0Copa Davis\u00a0entre B\u00e9lgica y Chile suma un cap\u00edtulo m\u00e1s.&hellip; <\/p>\n","protected":false},"author":8,"featured_media":188395,"comment_status":"closed","ping_status":"open","sticky":false,"template":"","format":"standard","meta":{"footnotes":""},"categories":[4],"tags":[],"class_list":["post-188394","post","type-post","status-publish","format-standard","has-post-thumbnail","hentry","category-deportes"],"_links":{"self":[{"href":"https:\/\/corrientesdetarde.com\/index.php\/wp-json\/wp\/v2\/posts\/188394","targetHints":{"allow":["GET"]}}],"collection":[{"href":"https:\/\/corrientesdetarde.com\/index.php\/wp-json\/wp\/v2\/posts"}],"about":[{"href":"https:\/\/corrientesdetarde.com\/index.php\/wp-json\/wp\/v2\/types\/post"}],"author":[{"embeddable":true,"href":"https:\/\/corrientesdetarde.com\/index.php\/wp-json\/wp\/v2\/users\/8"}],"replies":[{"embeddable":true,"href":"https:\/\/corrientesdetarde.com\/index.php\/wp-json\/wp\/v2\/comments?post=188394"}],"version-history":[{"count":1,"href":"https:\/\/corrientesdetarde.com\/index.php\/wp-json\/wp\/v2\/posts\/188394\/revisions"}],"predecessor-version":[{"id":188396,"href":"https:\/\/corrientesdetarde.com\/index.php\/wp-json\/wp\/v2\/posts\/188394\/revisions\/188396"}],"wp:featuredmedia":[{"embeddable":true,"href":"https:\/\/corrientesdetarde.com\/index.php\/wp-json\/wp\/v2\/media\/188395"}],"wp:attachment":[{"href":"https:\/\/corrientesdetarde.com\/index.php\/wp-json\/wp\/v2\/media?parent=188394"}],"wp:term":[{"taxonomy":"category","embeddable":true,"href":"https:\/\/corrientesdetarde.com\/index.php\/wp-json\/wp\/v2\/categories?post=188394"},{"taxonomy":"post_tag","embeddable":true,"href":"https:\/\/corrientesdetarde.com\/index.php\/wp-json\/wp\/v2\/tags?post=188394"}],"curies":[{"name":"wp","href":"https:\/\/api.w.org\/{rel}","templated":true}]}}