{"id":188414,"date":"2025-02-03T15:43:56","date_gmt":"2025-02-03T18:43:56","guid":{"rendered":"https:\/\/corrientesdetarde.com\/?p=188414"},"modified":"2025-02-03T15:44:01","modified_gmt":"2025-02-03T18:44:01","slug":"el-ambicioso-plan-de-mark-zuckerberg-para-que-facebook-vuelva-a-sus-origenes-quiere-recuperar-la-juventud","status":"publish","type":"post","link":"https:\/\/corrientesdetarde.com\/index.php\/tecnologia\/el-ambicioso-plan-de-mark-zuckerberg-para-que-facebook-vuelva-a-sus-origenes-quiere-recuperar-la-juventud\/","title":{"rendered":"El ambicioso plan de Mark Zuckerberg para que Facebook vuelva a sus or\u00edgenes: quiere recuperar la juventud"},"content":{"rendered":"\n<p>La estrategia implica seducir al p\u00fablico m\u00e1s joven, que ahora prefiere a otras plataformas en l\u00ednea. El CEO de Meta advirti\u00f3 a los inversores que esto afectar\u00e1 a las finanzas de la empresa.<\/p>\n\n\n\n<p>En una reuni\u00f3n reciente con inversores,\u00a0<strong>Mark Zuckerberg<\/strong> revel\u00f3 que uno de sus objetivos principales para el 2025 es\u00a0<strong>recuperar la esencia de Facebook<\/strong>, la red social que cofund\u00f3 en el 2004 y que le permiti\u00f3 levantar un imperio que ahora se llama Meta. El plan gira en torno a un eje primario: seducir al p\u00fablico m\u00e1s joven, que ahora prefiere a otras redes sociales.<\/p>\n\n\n\n<h2 class=\"wp-block-heading\">Recuperar y rejuvenecer a Facebook, el complejo plan que elabora Mark Zuckerberg<\/h2>\n\n\n\n<p>En la escena digital, el liderazgo no est\u00e1 asegurado para nadie. Ni siquiera para los gigantes de la industria. Por caso, Google ve amenazado su reinado por la irrupci\u00f3n de OpenAI y su ChatGPT; al tiempo que\u00a0las nuevas generaciones prefieren hacer b\u00fasquedas en TikTok, en lugar del cl\u00e1sico motor de b\u00fasqueda de los de Mountain View.<\/p>\n\n\n\n<p>La&nbsp;<strong>red social Facebook&nbsp;<\/strong>atraviesa un presente tambi\u00e9n complejo: hay un consenso m\u00e1s o menos generalizado respecto a que&nbsp;<strong>su base de usuarios ha envejecido<\/strong>. De acuerdo un estudio de eMarketer, los usuarios de entre 18 y 24 a\u00f1os eligen otros entornos en l\u00ednea, como TikTok, Snapchat e incluso Instagram, esta \u00faltima tambi\u00e9n de Meta. Adem\u00e1s, un informe de Pew Research indic\u00f3 que&nbsp;<strong>el porcentaje de adolescentes (entre 13 y 17 a\u00f1os) que usa Facebook cay\u00f3 del 71% al 33%&nbsp;<\/strong>en 2024.<\/p>\n\n\n\n<figure class=\"wp-block-image\"><img decoding=\"async\" src=\"https:\/\/tn.com.ar\/resizer\/v2\/meta-quiere-rejuvenecer-a-facebook-como-preve-lograrlo-foto-reutersdado-ruvic-2WPTE6M5NWQGM3L7VYQV5DVDF4.jpg?auth=ac75c466186ce475f201eba77365711a57d4caa2d335fb1cd6daa2327ea4342c&amp;width=767\" alt=\"Meta quiere rejuvenecer a Facebook: \u00bfc\u00f3mo prev\u00e9 lograrlo? (Foto: Reuters\/Dado Ruvic)\"\/><\/figure>\n\n\n\n<p>En funci\u00f3n de estos datos, el plan de \u201cZuck\u201d consiste en recuperar la esencia de Facebook y eso supone seducir nuevamente a los usuarios j\u00f3venes. Seg\u00fan dijo el director ejecutivo de la firma en la mencionada reuni\u00f3n con inversores,&nbsp;<strong>esta movida podr\u00eda afectar a los futuros resultados financieros del conglomerado<\/strong>.<\/p>\n\n\n\n<p>Esa advertencia recuerda a otra apuesta de Zuckerberg que no rindi\u00f3 los frutos esperados. Cuando en el a\u00f1o 2021\u00a0Facebook pas\u00f3 a llamarse Meta, la compa\u00f1\u00eda anunci\u00f3 inversiones millonarias en el metaverso, un entorno virtual que fue presentado como la \u201cpr\u00f3xima gran cosa\u201d de la tecnolog\u00eda y que, sin embargo, qued\u00f3 eclipsado por otros avances y propuestas como los NFTs, en su momento, y ahora por el auge de la inteligencia artificial. En la ocasi\u00f3n, el CEO de la firma dijo que ser\u00edan tiempos de ajustes y\u00a0<em>vacas flacas<\/em>, en lo que m\u00e1s formalmente llam\u00f3 \u201cel a\u00f1o de la eficiencia\u201d, que involucr\u00f3 menores partidas presupuestarias y despidos de personal.<\/p>\n\n\n\n<p>Ahora la atenci\u00f3n (o buena parte de ella) est\u00e1 en torno a Facebook. \u201cCreo que hay muchas oportunidades para<strong>\u00a0hacer que Facebook sea mucho m\u00e1s influyente culturalmente de lo que es hoy<\/strong>\u201d, dijo Zuckerberg, seg\u00fan recogi\u00f3\u00a0<em>TechCrunch<\/em>. Resta saber c\u00f3mo intentar\u00e1 seducir a los m\u00e1s j\u00f3venes, aunque recientemente circul\u00f3 una pista. Meta prometi\u00f3\u00a0incentivos econ\u00f3micos en otra de sus redes, Instagram, a los usuarios que publiquen Reels. Esto ocurri\u00f3 en un contexto singular: la crisis de TikTok en Estados Unidos.<\/p>\n\n\n\n<p><\/p>\n","protected":false},"excerpt":{"rendered":"<p>La estrategia implica seducir al p\u00fablico m\u00e1s joven, que ahora prefiere a otras plataformas en l\u00ednea. El CEO de Meta advirti\u00f3 a los inversores que esto afectar\u00e1 a las finanzas&hellip; <\/p>\n","protected":false},"author":8,"featured_media":188415,"comment_status":"closed","ping_status":"open","sticky":false,"template":"","format":"standard","meta":{"footnotes":""},"categories":[24],"tags":[],"class_list":["post-188414","post","type-post","status-publish","format-standard","has-post-thumbnail","hentry","category-tecnologia"],"_links":{"self":[{"href":"https:\/\/corrientesdetarde.com\/index.php\/wp-json\/wp\/v2\/posts\/188414","targetHints":{"allow":["GET"]}}],"collection":[{"href":"https:\/\/corrientesdetarde.com\/index.php\/wp-json\/wp\/v2\/posts"}],"about":[{"href":"https:\/\/corrientesdetarde.com\/index.php\/wp-json\/wp\/v2\/types\/post"}],"author":[{"embeddable":true,"href":"https:\/\/corrientesdetarde.com\/index.php\/wp-json\/wp\/v2\/users\/8"}],"replies":[{"embeddable":true,"href":"https:\/\/corrientesdetarde.com\/index.php\/wp-json\/wp\/v2\/comments?post=188414"}],"version-history":[{"count":1,"href":"https:\/\/corrientesdetarde.com\/index.php\/wp-json\/wp\/v2\/posts\/188414\/revisions"}],"predecessor-version":[{"id":188416,"href":"https:\/\/corrientesdetarde.com\/index.php\/wp-json\/wp\/v2\/posts\/188414\/revisions\/188416"}],"wp:featuredmedia":[{"embeddable":true,"href":"https:\/\/corrientesdetarde.com\/index.php\/wp-json\/wp\/v2\/media\/188415"}],"wp:attachment":[{"href":"https:\/\/corrientesdetarde.com\/index.php\/wp-json\/wp\/v2\/media?parent=188414"}],"wp:term":[{"taxonomy":"category","embeddable":true,"href":"https:\/\/corrientesdetarde.com\/index.php\/wp-json\/wp\/v2\/categories?post=188414"},{"taxonomy":"post_tag","embeddable":true,"href":"https:\/\/corrientesdetarde.com\/index.php\/wp-json\/wp\/v2\/tags?post=188414"}],"curies":[{"name":"wp","href":"https:\/\/api.w.org\/{rel}","templated":true}]}}