{"id":188417,"date":"2025-02-03T15:45:53","date_gmt":"2025-02-03T18:45:53","guid":{"rendered":"https:\/\/corrientesdetarde.com\/?p=188417"},"modified":"2025-02-03T15:45:58","modified_gmt":"2025-02-03T18:45:58","slug":"convocatoria-para-conmemorar-el-dia-internacional-de-lucha-contra-el-cancer-infantil-en-goya","status":"publish","type":"post","link":"https:\/\/corrientesdetarde.com\/index.php\/interior\/convocatoria-para-conmemorar-el-dia-internacional-de-lucha-contra-el-cancer-infantil-en-goya\/","title":{"rendered":"Convocatoria para conmemorar el D\u00eda Internacional de Lucha contra el C\u00e1ncer Infantil en Goya"},"content":{"rendered":"\n<p>La Fundaci\u00f3n Oncolnfanto-Juvenil Goya invita a todos los comercios y vecinos de Goya a unirse a una importante causa: del 9 al 16 de febrero, se llevar\u00e1 a cabo una campa\u00f1a para vestir vidrieras y hogares con el color amarillo, con el objetivo de conmemorar el D\u00eda Internacional de Lucha contra el C\u00e1ncer Infantil.<br><br>Esta iniciativa busca dar visibilidad a la lucha de los m\u00e1s de 30 ni\u00f1os y adolescentes que forman parte de la fundaci\u00f3n, quienes enfrentan el diagn\u00f3stico de c\u00e1ncer. Adem\u00e1s, tiene como objetivo generar conciencia sobre la importancia de la detecci\u00f3n temprana, ya que el c\u00e1ncer, cuando se detecta a tiempo, puede curarse.<br><\/p>\n\n\n\n<figure class=\"wp-block-table\"><table class=\"has-fixed-layout\"><tbody><tr><td><img decoding=\"async\" src=\"https:\/\/www.tngoya.com\/galeria\/ddf13e8f-a639-447e-9447-11911cca184b.jpg\"><\/td><\/tr><\/tbody><\/table><\/figure>\n\n\n\n<p>&#8220;Hoy nos toca a nosotros, ma\u00f1ana podr\u00edas ser t\u00fa&#8221;, es el lema que invita a la comunidad a involucrarse, a acompa\u00f1ar y a mostrar apoyo hacia quienes est\u00e1n atravesando esta dif\u00edcil situaci\u00f3n.<\/p>\n\n\n\n<p>La fundaci\u00f3n hace un llamado a toda la sociedad para que, con un simple gesto, como vestir de amarillo las vidrieras de los comercios o las casas, se pueda dar visibilidad a esta causa y alentar la esperanza en las familias afectadas. \u00a1Sumate a la campa\u00f1a, cada gesto cuenta!<\/p>\n","protected":false},"excerpt":{"rendered":"<p>La Fundaci\u00f3n Oncolnfanto-Juvenil Goya invita a todos los comercios y vecinos de Goya a unirse a una importante causa: del 9 al 16 de febrero, se llevar\u00e1 a cabo una&hellip; <\/p>\n","protected":false},"author":8,"featured_media":188418,"comment_status":"closed","ping_status":"open","sticky":false,"template":"","format":"standard","meta":{"footnotes":""},"categories":[1658],"tags":[],"class_list":["post-188417","post","type-post","status-publish","format-standard","has-post-thumbnail","hentry","category-interior"],"_links":{"self":[{"href":"https:\/\/corrientesdetarde.com\/index.php\/wp-json\/wp\/v2\/posts\/188417","targetHints":{"allow":["GET"]}}],"collection":[{"href":"https:\/\/corrientesdetarde.com\/index.php\/wp-json\/wp\/v2\/posts"}],"about":[{"href":"https:\/\/corrientesdetarde.com\/index.php\/wp-json\/wp\/v2\/types\/post"}],"author":[{"embeddable":true,"href":"https:\/\/corrientesdetarde.com\/index.php\/wp-json\/wp\/v2\/users\/8"}],"replies":[{"embeddable":true,"href":"https:\/\/corrientesdetarde.com\/index.php\/wp-json\/wp\/v2\/comments?post=188417"}],"version-history":[{"count":1,"href":"https:\/\/corrientesdetarde.com\/index.php\/wp-json\/wp\/v2\/posts\/188417\/revisions"}],"predecessor-version":[{"id":188419,"href":"https:\/\/corrientesdetarde.com\/index.php\/wp-json\/wp\/v2\/posts\/188417\/revisions\/188419"}],"wp:featuredmedia":[{"embeddable":true,"href":"https:\/\/corrientesdetarde.com\/index.php\/wp-json\/wp\/v2\/media\/188418"}],"wp:attachment":[{"href":"https:\/\/corrientesdetarde.com\/index.php\/wp-json\/wp\/v2\/media?parent=188417"}],"wp:term":[{"taxonomy":"category","embeddable":true,"href":"https:\/\/corrientesdetarde.com\/index.php\/wp-json\/wp\/v2\/categories?post=188417"},{"taxonomy":"post_tag","embeddable":true,"href":"https:\/\/corrientesdetarde.com\/index.php\/wp-json\/wp\/v2\/tags?post=188417"}],"curies":[{"name":"wp","href":"https:\/\/api.w.org\/{rel}","templated":true}]}}