{"id":188444,"date":"2025-02-03T21:26:42","date_gmt":"2025-02-04T00:26:42","guid":{"rendered":"https:\/\/corrientesdetarde.com\/?p=188444"},"modified":"2025-02-03T21:26:47","modified_gmt":"2025-02-04T00:26:47","slug":"cositorto-necesito-que-milei-me-reciba-o-al-menos-me-escuche","status":"publish","type":"post","link":"https:\/\/corrientesdetarde.com\/index.php\/crimen-y-justicia\/cositorto-necesito-que-milei-me-reciba-o-al-menos-me-escuche\/","title":{"rendered":"Cositorto: &#8220;Necesito que Milei me reciba o al menos me escuche&#8221;"},"content":{"rendered":"\n<p><a href=\"https:\/\/facebook.com\/\"><br><\/a><a href=\"https:\/\/twitter.com\/\"><\/a>&#8220;Necesito que Milei me reciba o al menos me escuche&#8221;, dijo en un video Leonardo Cositorto, enjuiciado por la supuestas estafas vinculadas a Generaci\u00f3n Zoe. En su declaraci\u00f3n, el empresario mencion\u00f3 un reciente fallo de la Comisi\u00f3n Nacional de Valores (CNV), el cual \u2013seg\u00fan sus palabras\u2013 establece que tanto Zoe como la Universidad del Trading y \u00e9l mismo podr\u00edan operar sin restricciones.<\/p>\n\n\n\n<p>M\u00e1s all\u00e1 de sus dichos, a las 8.30 del martes 4 continuar\u00e1 el juicio que comenz\u00f3 en octubre y que tiene como imputados tanto a Cositorto (se\u00f1alado como l\u00edder de la organizaci\u00f3n) como a otros cinco imputados: Miguel \u00c1ngel Echegaray, Maximiliano Javier Batista, Lucas Dami\u00e1n Camelino, Nicol\u00e1s Ismael Medina y Javier Sebasti\u00e1n Medina.<\/p>\n\n\n\n<p>Durante esa primera jornada se escuchar\u00e1n tres testimoniales propuestos por la querella. En total se ten\u00edan previstos 166 testigos y entre los que declararon durante octubre, noviembre y diciembre del a\u00f1o pasado y los desistidos suman m\u00e1s de 100.<\/p>\n\n\n\n<p>Generaci\u00f3n ZOE es el nombre de la firma que habr\u00eda prometido ganancias extraordinarias, cursos de coaching ontol\u00f3gico y el cumplimiento de sue\u00f1os inalcanzables a cambio de inversiones que variaban de monto seg\u00fan cada ahorrista y sus posibilidades de invertir, seg\u00fan la acusaci\u00f3n de la fiscal\u00eda y la querella.<\/p>\n","protected":false},"excerpt":{"rendered":"<p>&#8220;Necesito que Milei me reciba o al menos me escuche&#8221;, dijo en un video Leonardo Cositorto, enjuiciado por la supuestas estafas vinculadas a Generaci\u00f3n Zoe. En su declaraci\u00f3n, el empresario&hellip; <\/p>\n","protected":false},"author":1,"featured_media":168511,"comment_status":"closed","ping_status":"open","sticky":false,"template":"","format":"standard","meta":{"footnotes":""},"categories":[5],"tags":[],"class_list":["post-188444","post","type-post","status-publish","format-standard","has-post-thumbnail","hentry","category-crimen-y-justicia"],"_links":{"self":[{"href":"https:\/\/corrientesdetarde.com\/index.php\/wp-json\/wp\/v2\/posts\/188444","targetHints":{"allow":["GET"]}}],"collection":[{"href":"https:\/\/corrientesdetarde.com\/index.php\/wp-json\/wp\/v2\/posts"}],"about":[{"href":"https:\/\/corrientesdetarde.com\/index.php\/wp-json\/wp\/v2\/types\/post"}],"author":[{"embeddable":true,"href":"https:\/\/corrientesdetarde.com\/index.php\/wp-json\/wp\/v2\/users\/1"}],"replies":[{"embeddable":true,"href":"https:\/\/corrientesdetarde.com\/index.php\/wp-json\/wp\/v2\/comments?post=188444"}],"version-history":[{"count":1,"href":"https:\/\/corrientesdetarde.com\/index.php\/wp-json\/wp\/v2\/posts\/188444\/revisions"}],"predecessor-version":[{"id":188447,"href":"https:\/\/corrientesdetarde.com\/index.php\/wp-json\/wp\/v2\/posts\/188444\/revisions\/188447"}],"wp:featuredmedia":[{"embeddable":true,"href":"https:\/\/corrientesdetarde.com\/index.php\/wp-json\/wp\/v2\/media\/168511"}],"wp:attachment":[{"href":"https:\/\/corrientesdetarde.com\/index.php\/wp-json\/wp\/v2\/media?parent=188444"}],"wp:term":[{"taxonomy":"category","embeddable":true,"href":"https:\/\/corrientesdetarde.com\/index.php\/wp-json\/wp\/v2\/categories?post=188444"},{"taxonomy":"post_tag","embeddable":true,"href":"https:\/\/corrientesdetarde.com\/index.php\/wp-json\/wp\/v2\/tags?post=188444"}],"curies":[{"name":"wp","href":"https:\/\/api.w.org\/{rel}","templated":true}]}}