{"id":188456,"date":"2025-02-04T09:23:28","date_gmt":"2025-02-04T12:23:28","guid":{"rendered":"https:\/\/corrientesdetarde.com\/?p=188456"},"modified":"2025-02-04T09:23:32","modified_gmt":"2025-02-04T12:23:32","slug":"sube-estudiantil-los-universitarios-ya-pueden-reactivar-el-beneficio","status":"publish","type":"post","link":"https:\/\/corrientesdetarde.com\/index.php\/destacados\/sube-estudiantil-los-universitarios-ya-pueden-reactivar-el-beneficio\/","title":{"rendered":"Sube Estudiantil: los universitarios ya pueden reactivar el beneficio"},"content":{"rendered":"\n<p>Quienes activen el beneficio en sus tarjetas podr\u00e1n usarlo desde el 10 de febrero.<\/p>\n\n\n\n<p>Municipalidad de Corrientes inform\u00f3 que a partir de este lunes los universitarios podr\u00e1n activar la Sube estudiantil. Se trata de una reactivaci\u00f3n autom\u00e1tica para quienes ya pose\u00edan el beneficio en 2024, mientras los que realizan el tr\u00e1mite por primera vez, deber\u00e1n acercarse a los puestos de atenci\u00f3n, con turno previo solicitado en&nbsp;<a href=\"https:\/\/sistemas.ciudaddecorrientes.gov.ar\/turnos\/\">https:\/\/sistemas.ciudaddecorrientes.gov.ar\/turnos\/<\/a>&nbsp;<\/p>\n\n\n\n<p>La Subsecretar\u00eda de Transporte indic\u00f3 que quienes durante el a\u00f1o pasado contaban con el beneficio deber\u00e1n acercarse con su tarjeta hasta una de las Terminales Autom\u00e1ticas Sube (TAS) que est\u00e1n distribuidas en la ciudad, para que quede nuevamente funcionando. La inserci\u00f3n de la tarjeta podr\u00e1 ser hecha por cualquier persona y el \u00fanico requisito es que, al momento de apoyar el pl\u00e1stico, \u00e9ste no tenga saldo negativo.<\/p>\n\n\n\n<p>Quienes activen el beneficio en sus tarjetas podr\u00e1n usarlo desde el 10 de febrero. Para consultar si est\u00e1n activos se debe ingresar a sistemasciudaddecorrientes.gov.ar\/sube\/&nbsp;<\/p>\n\n\n\n<p>Los turnos se atender\u00e1n en el Palacio municipal (25 de Mayo 1178) y las delegaciones de los barrios 17 de Agosto (avenida Cazadores Correntinos 5662), Doctor Nicolini (Cosqu\u00edn y Crespo), Laguna Seca (Pit\u00e1goras y Dr. M Susini) y San Mart\u00edn (Lavalle entre P\u00edo XXII y Lisandro Segovia).<\/p>\n\n\n\n<p>SECUNDARIOS Y PRIMARIOS<\/p>\n\n\n\n<p>Los estudiantes secundarios y primarios deber\u00e1n acercarse a partir del 17 de febrero y podr\u00e1n ver si est\u00e1n activos en la p\u00e1gina ya mencionada.<\/p>\n\n\n\n<p><\/p>\n","protected":false},"excerpt":{"rendered":"<p>Quienes activen el beneficio en sus tarjetas podr\u00e1n usarlo desde el 10 de febrero. Municipalidad de Corrientes inform\u00f3 que a partir de este lunes los universitarios podr\u00e1n activar la Sube&hellip; <\/p>\n","protected":false},"author":4,"featured_media":188479,"comment_status":"closed","ping_status":"open","sticky":false,"template":"","format":"standard","meta":{"footnotes":""},"categories":[26],"tags":[],"class_list":["post-188456","post","type-post","status-publish","format-standard","has-post-thumbnail","hentry","category-destacados"],"_links":{"self":[{"href":"https:\/\/corrientesdetarde.com\/index.php\/wp-json\/wp\/v2\/posts\/188456","targetHints":{"allow":["GET"]}}],"collection":[{"href":"https:\/\/corrientesdetarde.com\/index.php\/wp-json\/wp\/v2\/posts"}],"about":[{"href":"https:\/\/corrientesdetarde.com\/index.php\/wp-json\/wp\/v2\/types\/post"}],"author":[{"embeddable":true,"href":"https:\/\/corrientesdetarde.com\/index.php\/wp-json\/wp\/v2\/users\/4"}],"replies":[{"embeddable":true,"href":"https:\/\/corrientesdetarde.com\/index.php\/wp-json\/wp\/v2\/comments?post=188456"}],"version-history":[{"count":2,"href":"https:\/\/corrientesdetarde.com\/index.php\/wp-json\/wp\/v2\/posts\/188456\/revisions"}],"predecessor-version":[{"id":188481,"href":"https:\/\/corrientesdetarde.com\/index.php\/wp-json\/wp\/v2\/posts\/188456\/revisions\/188481"}],"wp:featuredmedia":[{"embeddable":true,"href":"https:\/\/corrientesdetarde.com\/index.php\/wp-json\/wp\/v2\/media\/188479"}],"wp:attachment":[{"href":"https:\/\/corrientesdetarde.com\/index.php\/wp-json\/wp\/v2\/media?parent=188456"}],"wp:term":[{"taxonomy":"category","embeddable":true,"href":"https:\/\/corrientesdetarde.com\/index.php\/wp-json\/wp\/v2\/categories?post=188456"},{"taxonomy":"post_tag","embeddable":true,"href":"https:\/\/corrientesdetarde.com\/index.php\/wp-json\/wp\/v2\/tags?post=188456"}],"curies":[{"name":"wp","href":"https:\/\/api.w.org\/{rel}","templated":true}]}}