{"id":188462,"date":"2025-02-04T08:36:25","date_gmt":"2025-02-04T11:36:25","guid":{"rendered":"https:\/\/corrientesdetarde.com\/?p=188462"},"modified":"2025-02-04T08:37:25","modified_gmt":"2025-02-04T11:37:25","slug":"la-municipalidad-homenajeo-a-juan-bautista-cabral","status":"publish","type":"post","link":"https:\/\/corrientesdetarde.com\/index.php\/locales\/la-municipalidad-homenajeo-a-juan-bautista-cabral\/","title":{"rendered":"La Municipalidad homenaje\u00f3 a Juan Bautista Cabral"},"content":{"rendered":"\n<p>El viceintendente Emilio Lanari encabez\u00f3 este lunes el acto en la plaza que lleva el nombre del granadero salade\u00f1o que dio su vida por Jos\u00e9 de San Mart\u00edn. \u201cEs importante recordar a Cabral que ofrend\u00f3 su vida para salvar a su jefe y de esa manera salva la revoluci\u00f3n y salva la independencia argentina, Chile y Per\u00fa\u201d, dijo Lanari.<\/p>\n\n\n\n<p>Al cumplirse el 212\u00ba aniversario del hist\u00f3rico Combate de San Lorenzo, la Municipalidad homenaje\u00f3 a Juan Bautista Cabral, quien se inmol\u00f3 en la lucha para salvar la vida del, en ese entonces, Teniente Coronel Jos\u00e9 Francisco de San Mart\u00edn. El acto, que se cumpli\u00f3 este lunes en la plaza que lleva el nombre del granadero de Saladas, fue encabezado por el viceintendente Emilio Lanari, junto al vicegobernador, Pedro Braillard Poccard.<\/p>\n\n\n\n<figure class=\"wp-block-embed is-type-video is-provider-youtube wp-block-embed-youtube wp-embed-aspect-16-9 wp-has-aspect-ratio\"><div class=\"wp-block-embed__wrapper\">\n<iframe loading=\"lazy\" title=\"La Municipalidad homenaje\u00f3 a Juan Bautista Cabral\" width=\"1110\" height=\"624\" src=\"https:\/\/www.youtube.com\/embed\/K5c0v9bbtcM?feature=oembed\" frameborder=\"0\" allow=\"accelerometer; autoplay; clipboard-write; encrypted-media; gyroscope; picture-in-picture; web-share\" referrerpolicy=\"strict-origin-when-cross-origin\" allowfullscreen><\/iframe>\n<\/div><\/figure>\n\n\n\n<p><br><br>\u201cEs importante recordar lo que es la batalla de San Lorenzo y sobre todo a la figura de un correntino de origen muy humilde, nacido en Saladas, de descendencia afroind\u00edgena, que se integra de forma voluntaria al cuerpo de granaderos y en el combate de San Lorenzo\u00a0que marca un combate de los granaderos, el \u00fanico combate de los granaderos del suelo argentino, ofrenda su vida para salvar a su jefe y de esa manera salva la revoluci\u00f3n y salva la independencia argentina, Chile y Per\u00fa\u201d, afirm\u00f3 el viceintendente.<\/p>\n\n\n\n<p><\/p>\n\n\n\n<figure class=\"wp-block-image size-large\"><img loading=\"lazy\" decoding=\"async\" width=\"1024\" height=\"675\" src=\"https:\/\/corrientesdetarde.com\/wp-content\/uploads\/2025\/02\/image-80-1024x675.png\" alt=\"\" class=\"wp-image-188463\" srcset=\"https:\/\/corrientesdetarde.com\/wp-content\/uploads\/2025\/02\/image-80-1024x675.png 1024w, https:\/\/corrientesdetarde.com\/wp-content\/uploads\/2025\/02\/image-80-300x198.png 300w, https:\/\/corrientesdetarde.com\/wp-content\/uploads\/2025\/02\/image-80-768x506.png 768w, https:\/\/corrientesdetarde.com\/wp-content\/uploads\/2025\/02\/image-80.png 1357w\" sizes=\"auto, (max-width: 1024px) 100vw, 1024px\" \/><\/figure>\n\n\n\n<p><br><br>Lanari se\u00f1al\u00f3 que es fundamental conmemorar a Juan Bautista Cabral y todos \u201cnuestros h\u00e9roes correntinos que han jalonado la historia con su sangre la historia de la argentina y que dejaron un legado muy fuerte\u201d.<br><br>Adem\u00e1s, el viceintendente sostuvo que Cabral \u201ces un ejemplo no solo por su vida militar, sino por dar la vida por una causa naciente, por una rep\u00fablica y por la libertad\u201d.<\/p>\n\n\n\n<p><\/p>\n\n\n\n<figure class=\"wp-block-image size-large\"><img loading=\"lazy\" decoding=\"async\" width=\"1024\" height=\"682\" src=\"https:\/\/corrientesdetarde.com\/wp-content\/uploads\/2025\/02\/image-81-1024x682.png\" alt=\"\" class=\"wp-image-188464\" srcset=\"https:\/\/corrientesdetarde.com\/wp-content\/uploads\/2025\/02\/image-81-1024x682.png 1024w, https:\/\/corrientesdetarde.com\/wp-content\/uploads\/2025\/02\/image-81-300x200.png 300w, https:\/\/corrientesdetarde.com\/wp-content\/uploads\/2025\/02\/image-81-768x511.png 768w, https:\/\/corrientesdetarde.com\/wp-content\/uploads\/2025\/02\/image-81.png 1368w\" sizes=\"auto, (max-width: 1024px) 100vw, 1024px\" \/><\/figure>\n\n\n\n<p><br><br>Por su parte, el presidente del Instituto Sanmartiniano de Corrientes, Miguel Recupero, se\u00f1al\u00f3 que Cabral tiene \u201cel reconocimiento de toda la comunidad\u201d y dijo que en esta fecha \u201clo que hacemos es recordar aquel acontecimiento que fue importante por la actitud de un correntino que ofrenda su vida por su jefe y con el correr del tiempo y de las guerras de emancipaci\u00f3n, eso va a ser tan importante que aquella persona a la cual salva nuestro correntino, Juan Bautista Cabral, va a ser el que le va a dar la libertad al Medio Continente\u201d.<\/p>\n\n\n\n<p><\/p>\n\n\n\n<figure class=\"wp-block-image size-large\"><img loading=\"lazy\" decoding=\"async\" width=\"1024\" height=\"682\" src=\"https:\/\/corrientesdetarde.com\/wp-content\/uploads\/2025\/02\/image-82-1024x682.png\" alt=\"\" class=\"wp-image-188465\" srcset=\"https:\/\/corrientesdetarde.com\/wp-content\/uploads\/2025\/02\/image-82-1024x682.png 1024w, https:\/\/corrientesdetarde.com\/wp-content\/uploads\/2025\/02\/image-82-300x200.png 300w, https:\/\/corrientesdetarde.com\/wp-content\/uploads\/2025\/02\/image-82-768x512.png 768w, https:\/\/corrientesdetarde.com\/wp-content\/uploads\/2025\/02\/image-82.png 1364w\" sizes=\"auto, (max-width: 1024px) 100vw, 1024px\" \/><\/figure>\n\n\n\n<p><br><br>A su vez, sostuvo que \u201cCabral es un eslab\u00f3n importante entre aquellos personajes que hicieron lo que hoy nosotros gozamos que es nuestra patria, as\u00ed como algunos pueblos hermanos como Chile, el Per\u00fa, porque si uno encadena los hechos de la historia, posiblemente la historia no hubiera sido igual si Cabral no le salvaba la vida a San Mart\u00edn\u201d.<\/p>\n\n\n\n<figure class=\"wp-block-image size-large\"><img loading=\"lazy\" decoding=\"async\" width=\"1024\" height=\"684\" src=\"https:\/\/corrientesdetarde.com\/wp-content\/uploads\/2025\/02\/image-83-1024x684.png\" alt=\"\" class=\"wp-image-188466\" srcset=\"https:\/\/corrientesdetarde.com\/wp-content\/uploads\/2025\/02\/image-83-1024x684.png 1024w, https:\/\/corrientesdetarde.com\/wp-content\/uploads\/2025\/02\/image-83-300x200.png 300w, https:\/\/corrientesdetarde.com\/wp-content\/uploads\/2025\/02\/image-83-768x513.png 768w, https:\/\/corrientesdetarde.com\/wp-content\/uploads\/2025\/02\/image-83.png 1359w\" sizes=\"auto, (max-width: 1024px) 100vw, 1024px\" \/><\/figure>\n\n\n\n<figure class=\"wp-block-image size-large\"><img loading=\"lazy\" decoding=\"async\" width=\"1024\" height=\"682\" src=\"https:\/\/corrientesdetarde.com\/wp-content\/uploads\/2025\/02\/image-84-1024x682.png\" alt=\"\" class=\"wp-image-188467\" srcset=\"https:\/\/corrientesdetarde.com\/wp-content\/uploads\/2025\/02\/image-84-1024x682.png 1024w, https:\/\/corrientesdetarde.com\/wp-content\/uploads\/2025\/02\/image-84-300x200.png 300w, https:\/\/corrientesdetarde.com\/wp-content\/uploads\/2025\/02\/image-84-768x512.png 768w, https:\/\/corrientesdetarde.com\/wp-content\/uploads\/2025\/02\/image-84.png 1366w\" sizes=\"auto, (max-width: 1024px) 100vw, 1024px\" \/><\/figure>\n","protected":false},"excerpt":{"rendered":"<p>El viceintendente Emilio Lanari encabez\u00f3 este lunes el acto en la plaza que lleva el nombre del granadero salade\u00f1o que dio su vida por Jos\u00e9 de San Mart\u00edn. \u201cEs importante&hellip; <\/p>\n","protected":false},"author":4,"featured_media":188468,"comment_status":"closed","ping_status":"open","sticky":false,"template":"","format":"standard","meta":{"footnotes":""},"categories":[8],"tags":[],"class_list":["post-188462","post","type-post","status-publish","format-standard","has-post-thumbnail","hentry","category-locales"],"_links":{"self":[{"href":"https:\/\/corrientesdetarde.com\/index.php\/wp-json\/wp\/v2\/posts\/188462","targetHints":{"allow":["GET"]}}],"collection":[{"href":"https:\/\/corrientesdetarde.com\/index.php\/wp-json\/wp\/v2\/posts"}],"about":[{"href":"https:\/\/corrientesdetarde.com\/index.php\/wp-json\/wp\/v2\/types\/post"}],"author":[{"embeddable":true,"href":"https:\/\/corrientesdetarde.com\/index.php\/wp-json\/wp\/v2\/users\/4"}],"replies":[{"embeddable":true,"href":"https:\/\/corrientesdetarde.com\/index.php\/wp-json\/wp\/v2\/comments?post=188462"}],"version-history":[{"count":1,"href":"https:\/\/corrientesdetarde.com\/index.php\/wp-json\/wp\/v2\/posts\/188462\/revisions"}],"predecessor-version":[{"id":188470,"href":"https:\/\/corrientesdetarde.com\/index.php\/wp-json\/wp\/v2\/posts\/188462\/revisions\/188470"}],"wp:featuredmedia":[{"embeddable":true,"href":"https:\/\/corrientesdetarde.com\/index.php\/wp-json\/wp\/v2\/media\/188468"}],"wp:attachment":[{"href":"https:\/\/corrientesdetarde.com\/index.php\/wp-json\/wp\/v2\/media?parent=188462"}],"wp:term":[{"taxonomy":"category","embeddable":true,"href":"https:\/\/corrientesdetarde.com\/index.php\/wp-json\/wp\/v2\/categories?post=188462"},{"taxonomy":"post_tag","embeddable":true,"href":"https:\/\/corrientesdetarde.com\/index.php\/wp-json\/wp\/v2\/tags?post=188462"}],"curies":[{"name":"wp","href":"https:\/\/api.w.org\/{rel}","templated":true}]}}