{"id":188472,"date":"2025-02-04T08:49:09","date_gmt":"2025-02-04T11:49:09","guid":{"rendered":"https:\/\/corrientesdetarde.com\/?p=188472"},"modified":"2025-02-04T08:49:12","modified_gmt":"2025-02-04T11:49:12","slug":"plus-unificado-valdes-confirma-cronograma-de-pago-de-febrero","status":"publish","type":"post","link":"https:\/\/corrientesdetarde.com\/index.php\/locales\/plus-unificado-valdes-confirma-cronograma-de-pago-de-febrero\/","title":{"rendered":"Plus Unificado: Vald\u00e9s confirma cronograma de pago de febrero"},"content":{"rendered":"\n<p><em>El gobernador Gustavo Vald\u00e9s inform\u00f3 los d\u00edas de liquidaci\u00f3n del beneficio. Comienza este jueves 6. Alcanza a los agentes de la administraci\u00f3n p\u00fablica provincial, activos, jubilados y pensionados.<\/em><\/p>\n\n\n\n<p>El primer mandatario de Corrientes, Gustavo Vald\u00e9s, comunic\u00f3 el cronograma de pago del Plus Unificado (Adicional Remunerativo Mensual) de $55.000 por agente, activos, jubilados y pensionados, correspondiente a febrero 2025. El gobernador anunci\u00f3 que la liquidaci\u00f3n comienza este jueves 6 y se extiende hasta el mi\u00e9rcoles 12.<br>De acuerdo a lo anunciado a trav\u00e9s de sus redes sociales, @gustavovaldesok, este jueves 6 comienza el pago; el primer tramo alcanza a los agentes con Documento Nacional de Identidad terminados en 0 y 1.<br>El viernes 7, percibir\u00e1n aquellos con documentos terminados en 2 y 3. El lunes 10, los agentes con DNI finalizados en 4 y 5. Este tramo estar\u00e1 disponible desde el s\u00e1bado 8, a trav\u00e9s del homebanking y de los cajeros autom\u00e1ticos habilitados por el Banco de Corrientes SA.<br>El martes 11, ser\u00e1 el turno de los beneficiarios con documentos terminados en 6 y 7. El mi\u00e9rcoles 12, finaliza el cronograma con el pago a aquellos con DNI terminados en 8 y 9.<\/p>\n\n\n\n<figure class=\"wp-block-image size-large\"><img loading=\"lazy\" decoding=\"async\" width=\"1024\" height=\"818\" src=\"https:\/\/corrientesdetarde.com\/wp-content\/uploads\/2025\/02\/image-85-1024x818.png\" alt=\"\" class=\"wp-image-188473\" srcset=\"https:\/\/corrientesdetarde.com\/wp-content\/uploads\/2025\/02\/image-85-1024x818.png 1024w, https:\/\/corrientesdetarde.com\/wp-content\/uploads\/2025\/02\/image-85-300x240.png 300w, https:\/\/corrientesdetarde.com\/wp-content\/uploads\/2025\/02\/image-85-768x613.png 768w, https:\/\/corrientesdetarde.com\/wp-content\/uploads\/2025\/02\/image-85.png 1128w\" sizes=\"auto, (max-width: 1024px) 100vw, 1024px\" \/><\/figure>\n","protected":false},"excerpt":{"rendered":"<p>El gobernador Gustavo Vald\u00e9s inform\u00f3 los d\u00edas de liquidaci\u00f3n del beneficio. Comienza este jueves 6. Alcanza a los agentes de la administraci\u00f3n p\u00fablica provincial, activos, jubilados y pensionados. El primer&hellip; <\/p>\n","protected":false},"author":4,"featured_media":188476,"comment_status":"closed","ping_status":"open","sticky":false,"template":"","format":"standard","meta":{"footnotes":""},"categories":[8],"tags":[],"class_list":["post-188472","post","type-post","status-publish","format-standard","has-post-thumbnail","hentry","category-locales"],"_links":{"self":[{"href":"https:\/\/corrientesdetarde.com\/index.php\/wp-json\/wp\/v2\/posts\/188472","targetHints":{"allow":["GET"]}}],"collection":[{"href":"https:\/\/corrientesdetarde.com\/index.php\/wp-json\/wp\/v2\/posts"}],"about":[{"href":"https:\/\/corrientesdetarde.com\/index.php\/wp-json\/wp\/v2\/types\/post"}],"author":[{"embeddable":true,"href":"https:\/\/corrientesdetarde.com\/index.php\/wp-json\/wp\/v2\/users\/4"}],"replies":[{"embeddable":true,"href":"https:\/\/corrientesdetarde.com\/index.php\/wp-json\/wp\/v2\/comments?post=188472"}],"version-history":[{"count":2,"href":"https:\/\/corrientesdetarde.com\/index.php\/wp-json\/wp\/v2\/posts\/188472\/revisions"}],"predecessor-version":[{"id":188478,"href":"https:\/\/corrientesdetarde.com\/index.php\/wp-json\/wp\/v2\/posts\/188472\/revisions\/188478"}],"wp:featuredmedia":[{"embeddable":true,"href":"https:\/\/corrientesdetarde.com\/index.php\/wp-json\/wp\/v2\/media\/188476"}],"wp:attachment":[{"href":"https:\/\/corrientesdetarde.com\/index.php\/wp-json\/wp\/v2\/media?parent=188472"}],"wp:term":[{"taxonomy":"category","embeddable":true,"href":"https:\/\/corrientesdetarde.com\/index.php\/wp-json\/wp\/v2\/categories?post=188472"},{"taxonomy":"post_tag","embeddable":true,"href":"https:\/\/corrientesdetarde.com\/index.php\/wp-json\/wp\/v2\/tags?post=188472"}],"curies":[{"name":"wp","href":"https:\/\/api.w.org\/{rel}","templated":true}]}}