{"id":188482,"date":"2025-02-04T09:27:28","date_gmt":"2025-02-04T12:27:28","guid":{"rendered":"https:\/\/corrientesdetarde.com\/?p=188482"},"modified":"2025-02-04T09:27:40","modified_gmt":"2025-02-04T12:27:40","slug":"queres-terminar-la-escuela-o-el-secundario-provincia-habilito-las-inscripciones-al-programa-de-terminalidad-educativa","status":"publish","type":"post","link":"https:\/\/corrientesdetarde.com\/index.php\/educacion\/queres-terminar-la-escuela-o-el-secundario-provincia-habilito-las-inscripciones-al-programa-de-terminalidad-educativa\/","title":{"rendered":"\u00bfQuer\u00e9s terminar la escuela o el secundario? Provincia habilit\u00f3 las inscripciones al Programa de Terminalidad Educativa"},"content":{"rendered":"\n<p>Los interesados deber\u00e1n completar un formulario con datos b\u00e1sicos, un correo electr\u00f3nico y n\u00famero de tel\u00e9fono para que cada estudiante reciba el Centro que le fue asignado (el m\u00e1s cercano y conveniente). Las clases comenzar\u00e1n el 24 de febrero como lo indica el calendario provincial.&nbsp;<\/p>\n\n\n\n<p>El Ministerio de Educaci\u00f3n de Corrientes informa que se encuentran abiertas las inscripciones al Programa de Terminalidad Educativa (Tarag\u00fc\u00ed Ko\u2019e). La iniciativa est\u00e1 destinada a personas mayores de 18 a\u00f1os que quieran finalizar sus estudios primarios, secundarios o sean deudores de materias. El link de inscripci\u00f3n est\u00e1 disponible durante todo el a\u00f1o en las redes sociales de la Direcci\u00f3n de Educaci\u00f3n Permanente de J\u00f3venes y Adultos (Epja) @direcciondeepja<\/p>\n\n\n\n<p>Los interesados deber\u00e1n completar un formulario con datos b\u00e1sicos, un correo electr\u00f3nico y n\u00famero de tel\u00e9fono para que cada estudiante reciba el Centro que le fue asignado (el m\u00e1s cercano y conveniente). Las clases comenzar\u00e1n el 24 de febrero como lo indica el calendario provincial.<\/p>\n","protected":false},"excerpt":{"rendered":"<p>Los interesados deber\u00e1n completar un formulario con datos b\u00e1sicos, un correo electr\u00f3nico y n\u00famero de tel\u00e9fono para que cada estudiante reciba el Centro que le fue asignado (el m\u00e1s cercano&hellip; <\/p>\n","protected":false},"author":4,"featured_media":188483,"comment_status":"closed","ping_status":"open","sticky":false,"template":"","format":"standard","meta":{"footnotes":""},"categories":[32],"tags":[],"class_list":["post-188482","post","type-post","status-publish","format-standard","has-post-thumbnail","hentry","category-educacion"],"_links":{"self":[{"href":"https:\/\/corrientesdetarde.com\/index.php\/wp-json\/wp\/v2\/posts\/188482","targetHints":{"allow":["GET"]}}],"collection":[{"href":"https:\/\/corrientesdetarde.com\/index.php\/wp-json\/wp\/v2\/posts"}],"about":[{"href":"https:\/\/corrientesdetarde.com\/index.php\/wp-json\/wp\/v2\/types\/post"}],"author":[{"embeddable":true,"href":"https:\/\/corrientesdetarde.com\/index.php\/wp-json\/wp\/v2\/users\/4"}],"replies":[{"embeddable":true,"href":"https:\/\/corrientesdetarde.com\/index.php\/wp-json\/wp\/v2\/comments?post=188482"}],"version-history":[{"count":2,"href":"https:\/\/corrientesdetarde.com\/index.php\/wp-json\/wp\/v2\/posts\/188482\/revisions"}],"predecessor-version":[{"id":188485,"href":"https:\/\/corrientesdetarde.com\/index.php\/wp-json\/wp\/v2\/posts\/188482\/revisions\/188485"}],"wp:featuredmedia":[{"embeddable":true,"href":"https:\/\/corrientesdetarde.com\/index.php\/wp-json\/wp\/v2\/media\/188483"}],"wp:attachment":[{"href":"https:\/\/corrientesdetarde.com\/index.php\/wp-json\/wp\/v2\/media?parent=188482"}],"wp:term":[{"taxonomy":"category","embeddable":true,"href":"https:\/\/corrientesdetarde.com\/index.php\/wp-json\/wp\/v2\/categories?post=188482"},{"taxonomy":"post_tag","embeddable":true,"href":"https:\/\/corrientesdetarde.com\/index.php\/wp-json\/wp\/v2\/tags?post=188482"}],"curies":[{"name":"wp","href":"https:\/\/api.w.org\/{rel}","templated":true}]}}