{"id":188486,"date":"2025-02-04T09:29:47","date_gmt":"2025-02-04T12:29:47","guid":{"rendered":"https:\/\/corrientesdetarde.com\/?p=188486"},"modified":"2025-02-04T09:29:59","modified_gmt":"2025-02-04T12:29:59","slug":"transporte-escolar-cuanto-saldra-el-servicio-y-cual-es-el-estado-del-sector-en-corrientes","status":"publish","type":"post","link":"https:\/\/corrientesdetarde.com\/index.php\/actualidad\/transporte-escolar-cuanto-saldra-el-servicio-y-cual-es-el-estado-del-sector-en-corrientes\/","title":{"rendered":"Transporte escolar: \u00bfCu\u00e1nto saldr\u00e1 el servicio y cu\u00e1l es el estado del sector en Corrientes?"},"content":{"rendered":"\n<p>A poco tiempo del inicio del ciclo lectivo, el transporte es un tema que est\u00e1 en la mente de los padres que tienen hijos en edad escolar. Pedro Abas, referente de la asociaci\u00f3n que nuclea a los conductores de transportes escolares, en dialogo con este medio, explic\u00f3 que por el momento debido al contexto actual de la econom\u00eda, analizan una cifra de referencia del costo del transporte para el comienzo de las clases, que no es definitiva pero ayuda a orientar a quienes prestan el servicio.<\/p>\n\n\n\n<p>Con el inicio de febrero, el sector del transporte escolar en Corrientes se prepara para enfrentar un nuevo a\u00f1o escolar. Pedro Abas, vocero del sector, destac\u00f3 que, como cada a\u00f1o, los transportistas est\u00e1n poniendo a punto sus veh\u00edculos y esperando el cronograma de rehabilitaciones enviado por el municipio.&nbsp;<\/p>\n\n\n\n<p>La situaci\u00f3n del sector ha sido compleja, especialmente en relaci\u00f3n a la renovaci\u00f3n de unidades, que se hab\u00eda flexibilizado tras la pandemia, pero las condiciones econ\u00f3micas han dificultado la reposici\u00f3n de veh\u00edculos. Abas indic\u00f3 que hasta el a\u00f1o pasado, hab\u00eda 60 transportistas, aunque este a\u00f1o a\u00fan no se sabe cu\u00e1ntos continuar\u00e1n en actividad.&nbsp;<\/p>\n\n\n\n<p>Uno de los principales retos es el ajuste de tarifas, ya que el municipio no realiza estudios tarifarios desde hace a\u00f1os, lo que afecta el valor que los transportistas pueden cobrar. Actualmente, se espera que las tarifas oscilen entre 65000 y 70000 pesos, aunque cada transportista tiene la libertad de acordar precios con sus clientes. &nbsp;<\/p>\n\n\n\n<p>La expansi\u00f3n de la ciudad tambi\u00e9n ha tra\u00eddo consigo nuevos desaf\u00edos, ya que hay barrios que quedan desatendidos y la log\u00edstica de transporte se complica. Sin embargo, Abas enfatiz\u00f3 la importancia de seguir colaborando entre los transportistas y el municipio para mejorar el servicio y satisfacer las necesidades de los estudiantes. &nbsp;<\/p>\n","protected":false},"excerpt":{"rendered":"<p>A poco tiempo del inicio del ciclo lectivo, el transporte es un tema que est\u00e1 en la mente de los padres que tienen hijos en edad escolar. Pedro Abas, referente&hellip; <\/p>\n","protected":false},"author":4,"featured_media":188487,"comment_status":"closed","ping_status":"open","sticky":false,"template":"","format":"standard","meta":{"footnotes":""},"categories":[23],"tags":[],"class_list":["post-188486","post","type-post","status-publish","format-standard","has-post-thumbnail","hentry","category-actualidad"],"_links":{"self":[{"href":"https:\/\/corrientesdetarde.com\/index.php\/wp-json\/wp\/v2\/posts\/188486","targetHints":{"allow":["GET"]}}],"collection":[{"href":"https:\/\/corrientesdetarde.com\/index.php\/wp-json\/wp\/v2\/posts"}],"about":[{"href":"https:\/\/corrientesdetarde.com\/index.php\/wp-json\/wp\/v2\/types\/post"}],"author":[{"embeddable":true,"href":"https:\/\/corrientesdetarde.com\/index.php\/wp-json\/wp\/v2\/users\/4"}],"replies":[{"embeddable":true,"href":"https:\/\/corrientesdetarde.com\/index.php\/wp-json\/wp\/v2\/comments?post=188486"}],"version-history":[{"count":2,"href":"https:\/\/corrientesdetarde.com\/index.php\/wp-json\/wp\/v2\/posts\/188486\/revisions"}],"predecessor-version":[{"id":188489,"href":"https:\/\/corrientesdetarde.com\/index.php\/wp-json\/wp\/v2\/posts\/188486\/revisions\/188489"}],"wp:featuredmedia":[{"embeddable":true,"href":"https:\/\/corrientesdetarde.com\/index.php\/wp-json\/wp\/v2\/media\/188487"}],"wp:attachment":[{"href":"https:\/\/corrientesdetarde.com\/index.php\/wp-json\/wp\/v2\/media?parent=188486"}],"wp:term":[{"taxonomy":"category","embeddable":true,"href":"https:\/\/corrientesdetarde.com\/index.php\/wp-json\/wp\/v2\/categories?post=188486"},{"taxonomy":"post_tag","embeddable":true,"href":"https:\/\/corrientesdetarde.com\/index.php\/wp-json\/wp\/v2\/tags?post=188486"}],"curies":[{"name":"wp","href":"https:\/\/api.w.org\/{rel}","templated":true}]}}