{"id":188490,"date":"2025-02-04T09:34:29","date_gmt":"2025-02-04T12:34:29","guid":{"rendered":"https:\/\/corrientesdetarde.com\/?p=188490"},"modified":"2025-02-04T09:34:41","modified_gmt":"2025-02-04T12:34:41","slug":"con-combos-en-frutas-y-verduras-las-ferias-de-la-ciudad-renuevan-sus-ofertas-semanales-2","status":"publish","type":"post","link":"https:\/\/corrientesdetarde.com\/index.php\/informacion-general\/con-combos-en-frutas-y-verduras-las-ferias-de-la-ciudad-renuevan-sus-ofertas-semanales-2\/","title":{"rendered":"Con combos en frutas y verduras, las Ferias de la Ciudad renuevan sus ofertas semanales"},"content":{"rendered":"\n<p>Un nuevo recorrido de los feriantes se desarrollar\u00e1 del 4 al 9 de febrero, arrancando el mes con interesantes ofertas. Adem\u00e1s, se podr\u00e1n adquirir productos manufacturados, artesan\u00edas, plantas ornamentales, dulces regionales, entre otras propuestas.&nbsp;<\/p>\n\n\n\n<p>Organizadas por la Secretar\u00eda de Desarrollo Econ\u00f3mico municipal, a trav\u00e9s de la Subsecretar\u00eda de Econom\u00eda Social, las Ferias de la Ciudad cumplir\u00e1n un nuevo recorrido semanal entre este martes 4 y el domingo 9 de febrero por plazas, plazoletas, espacios verdes y recreativos.<\/p>\n\n\n\n<p>Los feriantes ofrecer\u00e1n interesantes combos en frutas y verduras, adem\u00e1s de diversas promociones y ofertas. Los vecinos podr\u00e1n encontrar tambi\u00e9n panificados caseros, dulces regionales, artesan\u00edas y plantas ornamentales, entre otros productos de calidad a buenos precios.<\/p>\n\n\n\n<p>El recorrido semanal, que se concreta en el horario de 8 a 13, comenzar\u00e1 este martes 4 en las plazas Los Amigos y Torrent, repiti\u00e9ndose este \u00faltimo espacio verde el mi\u00e9rcoles 5.<\/p>\n\n\n\n<p>El jueves 6 de febrero los feriantes se presentar\u00e1n en la plaza La Cruz, mientras que el viernes 7 estar\u00e1n en el Paseo Arazaty, en el horario de 10 a 22.<\/p>\n\n\n\n<p>El recorrido continuar\u00e1 el s\u00e1bado 8 de febrero, de 8 a 13, por la calle Pil\u00fa G\u00f3mez y Jos\u00e9 Rol\u00f3n, en el parque Mitre y, por la tarde, los feriantes estar\u00e1n de 10 a 22 en el Paseo Arazaty.<\/p>\n\n\n\n<p>Finalmente, el domingo 9 los puesteros estar\u00e1n nuevamente en el Paseo Arazaty donde ofrecer\u00e1n, de 10 a 20, plantas ornamentales, ofertas gastron\u00f3micas, artesan\u00edas y manualidades.<\/p>\n\n\n\n<p>CRONOGRAMA<\/p>\n\n\n\n<p>Martes 4: plaza Torrent y plaza Los Amigos<\/p>\n\n\n\n<p>Mi\u00e9rcoles 5: plaza Torrent<\/p>\n\n\n\n<p>Jueves 6: plaza La Cruz<\/p>\n\n\n\n<p>Viernes 7: Paseo Arazaty, de 10 a 22<\/p>\n\n\n\n<p>S\u00e1bado 8: parque Mitre y Paseo Arazaty (de 10 a 22)<\/p>\n\n\n\n<p>Domingo 9: Paseo Arazaty (de 10 a 20)<\/p>\n","protected":false},"excerpt":{"rendered":"<p>Un nuevo recorrido de los feriantes se desarrollar\u00e1 del 4 al 9 de febrero, arrancando el mes con interesantes ofertas. Adem\u00e1s, se podr\u00e1n adquirir productos manufacturados, artesan\u00edas, plantas ornamentales, dulces&hellip; <\/p>\n","protected":false},"author":4,"featured_media":188491,"comment_status":"closed","ping_status":"open","sticky":false,"template":"","format":"standard","meta":{"footnotes":""},"categories":[1],"tags":[],"class_list":["post-188490","post","type-post","status-publish","format-standard","has-post-thumbnail","hentry","category-informacion-general"],"_links":{"self":[{"href":"https:\/\/corrientesdetarde.com\/index.php\/wp-json\/wp\/v2\/posts\/188490","targetHints":{"allow":["GET"]}}],"collection":[{"href":"https:\/\/corrientesdetarde.com\/index.php\/wp-json\/wp\/v2\/posts"}],"about":[{"href":"https:\/\/corrientesdetarde.com\/index.php\/wp-json\/wp\/v2\/types\/post"}],"author":[{"embeddable":true,"href":"https:\/\/corrientesdetarde.com\/index.php\/wp-json\/wp\/v2\/users\/4"}],"replies":[{"embeddable":true,"href":"https:\/\/corrientesdetarde.com\/index.php\/wp-json\/wp\/v2\/comments?post=188490"}],"version-history":[{"count":2,"href":"https:\/\/corrientesdetarde.com\/index.php\/wp-json\/wp\/v2\/posts\/188490\/revisions"}],"predecessor-version":[{"id":188493,"href":"https:\/\/corrientesdetarde.com\/index.php\/wp-json\/wp\/v2\/posts\/188490\/revisions\/188493"}],"wp:featuredmedia":[{"embeddable":true,"href":"https:\/\/corrientesdetarde.com\/index.php\/wp-json\/wp\/v2\/media\/188491"}],"wp:attachment":[{"href":"https:\/\/corrientesdetarde.com\/index.php\/wp-json\/wp\/v2\/media?parent=188490"}],"wp:term":[{"taxonomy":"category","embeddable":true,"href":"https:\/\/corrientesdetarde.com\/index.php\/wp-json\/wp\/v2\/categories?post=188490"},{"taxonomy":"post_tag","embeddable":true,"href":"https:\/\/corrientesdetarde.com\/index.php\/wp-json\/wp\/v2\/tags?post=188490"}],"curies":[{"name":"wp","href":"https:\/\/api.w.org\/{rel}","templated":true}]}}