{"id":188516,"date":"2025-02-04T11:15:54","date_gmt":"2025-02-04T14:15:54","guid":{"rendered":"https:\/\/corrientesdetarde.com\/?p=188516"},"modified":"2025-02-04T11:15:58","modified_gmt":"2025-02-04T14:15:58","slug":"valdes-brego-por-la-autonomia-de-las-provincias-al-recordar-la-batalla-de-caseros-en-entre-rios","status":"publish","type":"post","link":"https:\/\/corrientesdetarde.com\/index.php\/locales\/valdes-brego-por-la-autonomia-de-las-provincias-al-recordar-la-batalla-de-caseros-en-entre-rios\/","title":{"rendered":"Vald\u00e9s breg\u00f3 por \u201cla autonom\u00eda de las provincias\u201d al recordar la batalla de Caseros en Entre R\u00edos"},"content":{"rendered":"\n<p><em>El gobernador Gustavo Vald\u00e9s acompa\u00f1\u00f3 el lunes los actos conmemorativos por el 173\u00b0 aniversario de la Batalla de Caseros realizados en Paran\u00e1, junto a su par Rogelio Frigerio. En su discurso, destac\u00f3 el aporte fundamental de pr\u00f3ceres correntinos y de quienes combatieron \u201cpor la soberan\u00eda interna del pa\u00eds gracias al litoral\u201d.<\/em><\/p>\n\n\n\n<figure class=\"wp-block-image size-large\"><img loading=\"lazy\" decoding=\"async\" width=\"1024\" height=\"686\" src=\"https:\/\/corrientesdetarde.com\/wp-content\/uploads\/2025\/02\/image-86-1024x686.png\" alt=\"\" class=\"wp-image-188517\" srcset=\"https:\/\/corrientesdetarde.com\/wp-content\/uploads\/2025\/02\/image-86-1024x686.png 1024w, https:\/\/corrientesdetarde.com\/wp-content\/uploads\/2025\/02\/image-86-300x201.png 300w, https:\/\/corrientesdetarde.com\/wp-content\/uploads\/2025\/02\/image-86-768x514.png 768w, https:\/\/corrientesdetarde.com\/wp-content\/uploads\/2025\/02\/image-86.png 1338w\" sizes=\"auto, (max-width: 1024px) 100vw, 1024px\" \/><\/figure>\n\n\n\n<p>El parque Urquiza de la localidad entrerriana de Paran\u00e1 fue el epicentro el lunes por la tarde de los actos conmemorativos por el 173\u00ba aniversario de la Batalla de Caseros, un hecho hist\u00f3rico que dio pie al proceso organizaci\u00f3n nacional y en el que Corrientes desempe\u00f1\u00f3 un rol fundamental. Entre los oradores, adem\u00e1s del primer mandatario entrerriano, Rogelio Frigerio; se cont\u00f3 al gobernador de Corrientes, Gustavo Vald\u00e9s; y a la vicegobernadora de Santa Fe, Gisela Scaglia; tres provincias cuyos mandatarios integran la novel regi\u00f3n Litoral, junto a Formosa, Misiones, y Chaco, donde el gobernador Gustavo Vald\u00e9s fue elegido como presidente pro tempore dentro del mencionado bloque.<\/p>\n\n\n\n<figure class=\"wp-block-image size-large\"><img loading=\"lazy\" decoding=\"async\" width=\"1024\" height=\"679\" src=\"https:\/\/corrientesdetarde.com\/wp-content\/uploads\/2025\/02\/image-87-1024x679.png\" alt=\"\" class=\"wp-image-188518\" srcset=\"https:\/\/corrientesdetarde.com\/wp-content\/uploads\/2025\/02\/image-87-1024x679.png 1024w, https:\/\/corrientesdetarde.com\/wp-content\/uploads\/2025\/02\/image-87-300x199.png 300w, https:\/\/corrientesdetarde.com\/wp-content\/uploads\/2025\/02\/image-87-768x509.png 768w, https:\/\/corrientesdetarde.com\/wp-content\/uploads\/2025\/02\/image-87.png 1355w\" sizes=\"auto, (max-width: 1024px) 100vw, 1024px\" \/><\/figure>\n\n\n\n<p>Vald\u00e9s fue orador en el acto previamente a las palabras de Rogelio Frigerio, y luego comparti\u00f3 tambi\u00e9n el mensaje a trav\u00e9s de sus redes sociales. Record\u00f3 la relevancia hist\u00f3rica del combate para las provincias, y se\u00f1al\u00f3 que&nbsp; el hecho \u201cmarc\u00f3 el fin de una etapa de conflictos internos y el inicio de un camino hacia la construcci\u00f3n institucional de la Argentina. Y en ese enfrentamiento, nuestra provincia aport\u00f3 miles de hombres y recursos en defensa de la unidad nacional y la libertad\u201d, dijo. Tambi\u00e9n rememor\u00f3 la \u201cconstrucci\u00f3n de la soberan\u00eda interna del pa\u00eds gracias al litoral\u201d a trav\u00e9s del aporte de varios correntinos como Jos\u00e9 de San Mart\u00edn, Pedro Ferr\u00e9 y el ej\u00e9rcito aportado para la Batalla de Caseros: \u201c8.000 hombres, 10.000 caballos, ca\u00f1ones y barcazas\u201d, afirm\u00f3.<\/p>\n\n\n\n<p>Como en otras ocasiones de actos por fechas alusivas a la constituci\u00f3n del Estado y de la democracia, Vald\u00e9s destac\u00f3 la relevancia hist\u00f3rica de regi\u00f3n Litoral, donde \u201cnaci\u00f3 la Patria y tenemos que ser memoriosos de aquellas batallas ganadas\u201d, se\u00f1al\u00f3.<\/p>\n\n\n\n<p>\u201cA 173 a\u00f1os de ese hecho, sigamos trabajando juntos como provincias hermanas para forjar la Argentina que queremos, construir un pa\u00eds m\u00e1s federal y un futuro mejor para todos\u201d, breg\u00f3 Vald\u00e9s.<\/p>\n\n\n\n<p>Al final de su discurso en Paran\u00e1 indic\u00f3 que el combate fue \u201cla ense\u00f1anza m\u00e1s grande para las provincias\u201d, donde el litoral argentino \u201cgan\u00f3 la batalla pol\u00edtica\u201d pero a\u00fan \u201cqueda ganar la econ\u00f3mica\u201d. Adem\u00e1s, apunt\u00f3 que la lucha por \u201cla libertad y la autonom\u00eda de las provincias no se sell\u00f3, y hay que darla todos los d\u00edas\u201d.<\/p>\n","protected":false},"excerpt":{"rendered":"<p>El gobernador Gustavo Vald\u00e9s acompa\u00f1\u00f3 el lunes los actos conmemorativos por el 173\u00b0 aniversario de la Batalla de Caseros realizados en Paran\u00e1, junto a su par Rogelio Frigerio. En su&hellip; <\/p>\n","protected":false},"author":4,"featured_media":188519,"comment_status":"closed","ping_status":"open","sticky":false,"template":"","format":"standard","meta":{"footnotes":""},"categories":[8],"tags":[],"class_list":["post-188516","post","type-post","status-publish","format-standard","has-post-thumbnail","hentry","category-locales"],"_links":{"self":[{"href":"https:\/\/corrientesdetarde.com\/index.php\/wp-json\/wp\/v2\/posts\/188516","targetHints":{"allow":["GET"]}}],"collection":[{"href":"https:\/\/corrientesdetarde.com\/index.php\/wp-json\/wp\/v2\/posts"}],"about":[{"href":"https:\/\/corrientesdetarde.com\/index.php\/wp-json\/wp\/v2\/types\/post"}],"author":[{"embeddable":true,"href":"https:\/\/corrientesdetarde.com\/index.php\/wp-json\/wp\/v2\/users\/4"}],"replies":[{"embeddable":true,"href":"https:\/\/corrientesdetarde.com\/index.php\/wp-json\/wp\/v2\/comments?post=188516"}],"version-history":[{"count":2,"href":"https:\/\/corrientesdetarde.com\/index.php\/wp-json\/wp\/v2\/posts\/188516\/revisions"}],"predecessor-version":[{"id":188521,"href":"https:\/\/corrientesdetarde.com\/index.php\/wp-json\/wp\/v2\/posts\/188516\/revisions\/188521"}],"wp:featuredmedia":[{"embeddable":true,"href":"https:\/\/corrientesdetarde.com\/index.php\/wp-json\/wp\/v2\/media\/188519"}],"wp:attachment":[{"href":"https:\/\/corrientesdetarde.com\/index.php\/wp-json\/wp\/v2\/media?parent=188516"}],"wp:term":[{"taxonomy":"category","embeddable":true,"href":"https:\/\/corrientesdetarde.com\/index.php\/wp-json\/wp\/v2\/categories?post=188516"},{"taxonomy":"post_tag","embeddable":true,"href":"https:\/\/corrientesdetarde.com\/index.php\/wp-json\/wp\/v2\/tags?post=188516"}],"curies":[{"name":"wp","href":"https:\/\/api.w.org\/{rel}","templated":true}]}}