{"id":188532,"date":"2025-02-04T11:48:29","date_gmt":"2025-02-04T14:48:29","guid":{"rendered":"https:\/\/corrientesdetarde.com\/?p=188532"},"modified":"2025-02-04T11:48:33","modified_gmt":"2025-02-04T14:48:33","slug":"supermercados-reclaman-una-menor-carga-impositiva-sobre-los-alimentos-apuntando-a-provincias-y-municipios","status":"publish","type":"post","link":"https:\/\/corrientesdetarde.com\/index.php\/economia\/supermercados-reclaman-una-menor-carga-impositiva-sobre-los-alimentos-apuntando-a-provincias-y-municipios\/","title":{"rendered":"Supermercados reclaman una menor carga impositiva sobre los alimentos apuntando a provincias y municipios"},"content":{"rendered":"\n<h2 class=\"wp-block-heading\">Las c\u00e1maras del sector piden a los gobernadores e intendentes que &#8220;reduzcan sin dilaciones las cargas tributarias&#8221;.<\/h2>\n\n\n\n<p>Los supermercados argentinos<strong>&nbsp;renovaron el reclamo por una reducci\u00f3n de la carga impositiva que pesa sobre los alimentos&nbsp;<\/strong>que comercializan apuntando a las provincias y municipios, en una nota dirigida al Gobierno nacional.<\/p>\n\n\n\n<p>El documento firmado por la C\u00e1mara Argentina de Supermercados (CAS) y la Federaci\u00f3n Argentina de Supermercados y Autoservicios (FASA) fue enviado al presidente Javier Milei y a los ministros de Econom\u00eda, Luis Caputo, y de Desregulaci\u00f3n y Transformaci\u00f3n del Estado, Federico Sturzenegger.<\/p>\n\n\n\n<p>En la misiva, las cadenas supermercadistas manifestaron su apoyo a la pol\u00edtica de recorte del gasto p\u00fablico y las rebajas impositivas implementadas por el Ejecutivo nacional pero&nbsp;<strong>solicitaron que se avance en la misma direcci\u00f3n en la carga fiscal que afronta el sector.<\/strong><\/p>\n\n\n\n<p>En este marco, destacaron que&nbsp;<em>\u201cel reciente anuncio de reducci\u00f3n de retenciones a las exportaciones agrarias, en primer t\u00e9rmino, seguido por la eliminaci\u00f3n y reducci\u00f3n de grav\u00e1menes aplicados a autom\u00f3viles y motos, es una plausible confirmaci\u00f3n de la decisi\u00f3n de tomar las medidas necesarias en materia econ\u00f3mica\u201d.&nbsp;<\/em><\/p>\n\n\n\n<p>En ese sentido, aseguraron que<em>&nbsp;\u201cla mayor\u00eda de la sociedad argentina apoya estas medidas, al igual que nuestro sector, integrado por empresas de capital nacional radicadas a lo largo y a lo ancho de todo el pa\u00eds, sin embargo, no debemos perder de vista que medidas similares&nbsp;<strong>se deben aplicar de manera urgente a productos de consumo masivo, especialmente a los alimentos\u201d.&nbsp;<\/strong><\/em><\/p>\n\n\n\n<p>Al respecto, consideran que&nbsp;<em>\u201cnada justifica que los precios que abonan los consumidores tengan, en la mayor\u00eda de los casos, un componente de impuestos y otros grav\u00e1menes cercano al 50%\u201d,<\/em>&nbsp;indicando que&nbsp;<em><strong>\u201clos impuestos y tasas provinciales y municipales son una parte destacada de esa carga<\/strong>&nbsp;que afecta en mayor medida a las capas sociales de menores recursos\u201d.&nbsp;<\/em><\/p>\n\n\n\n<p>En la misma l\u00ednea, expresaron que&nbsp;<em>\u201ces mucho lo que queda por hacer en ese campo, comenzando por una carga perniciosamente distorsiva como es Ingresos Brutos, y continuando con tasas municipales y otras formas de recaudaci\u00f3n que s\u00f3lo sirven para obtener fondos, sin brindar una contraprestaci\u00f3n equivalente por parte de los municipios\u201d.&nbsp;<\/em><\/p>\n\n\n\n<p>Ante la manifiesta disconformidad, los supermercados indicaron que<em>&nbsp;\u201cdesde nuestro sector&nbsp;<strong>pedimos a los gobernadores e intendentes que reduzcan sin dilaciones las cargas tributarias<\/strong>, para que la gente pueda acceder a los productos que necesita sin una desmedida presi\u00f3n fiscal, como la actual, que aumenta sus precios injustificadamente\u201d.&nbsp;<\/em><\/p>\n\n\n\n<p>En otro gui\u00f1o a las pol\u00edticas de la administraci\u00f3n Milei, los representantes del sector sostuvieron que\u00a0<em>\u201cestamos enfrentando tiempos decisivos para terminar con la decadencia de nuestro querido pa\u00eds; ya se ha dado un gran paso con la reducci\u00f3n de la inflaci\u00f3n, la estabilidad de precios est\u00e1 impulsando una incipiente recuperaci\u00f3n del consumo; celebramos que se comiencen a implementar medidas en el sentido correcto y remarcamos la necesidad de actuar con celeridad y priorizando los sectores m\u00e1s cr\u00edticos\u201d.<\/em>s<\/p>\n","protected":false},"excerpt":{"rendered":"<p>Las c\u00e1maras del sector piden a los gobernadores e intendentes que &#8220;reduzcan sin dilaciones las cargas tributarias&#8221;. Los supermercados argentinos&nbsp;renovaron el reclamo por una reducci\u00f3n de la carga impositiva que&hellip; <\/p>\n","protected":false},"author":4,"featured_media":188533,"comment_status":"closed","ping_status":"open","sticky":false,"template":"","format":"standard","meta":{"footnotes":""},"categories":[20],"tags":[],"class_list":["post-188532","post","type-post","status-publish","format-standard","has-post-thumbnail","hentry","category-economia"],"_links":{"self":[{"href":"https:\/\/corrientesdetarde.com\/index.php\/wp-json\/wp\/v2\/posts\/188532","targetHints":{"allow":["GET"]}}],"collection":[{"href":"https:\/\/corrientesdetarde.com\/index.php\/wp-json\/wp\/v2\/posts"}],"about":[{"href":"https:\/\/corrientesdetarde.com\/index.php\/wp-json\/wp\/v2\/types\/post"}],"author":[{"embeddable":true,"href":"https:\/\/corrientesdetarde.com\/index.php\/wp-json\/wp\/v2\/users\/4"}],"replies":[{"embeddable":true,"href":"https:\/\/corrientesdetarde.com\/index.php\/wp-json\/wp\/v2\/comments?post=188532"}],"version-history":[{"count":2,"href":"https:\/\/corrientesdetarde.com\/index.php\/wp-json\/wp\/v2\/posts\/188532\/revisions"}],"predecessor-version":[{"id":188535,"href":"https:\/\/corrientesdetarde.com\/index.php\/wp-json\/wp\/v2\/posts\/188532\/revisions\/188535"}],"wp:featuredmedia":[{"embeddable":true,"href":"https:\/\/corrientesdetarde.com\/index.php\/wp-json\/wp\/v2\/media\/188533"}],"wp:attachment":[{"href":"https:\/\/corrientesdetarde.com\/index.php\/wp-json\/wp\/v2\/media?parent=188532"}],"wp:term":[{"taxonomy":"category","embeddable":true,"href":"https:\/\/corrientesdetarde.com\/index.php\/wp-json\/wp\/v2\/categories?post=188532"},{"taxonomy":"post_tag","embeddable":true,"href":"https:\/\/corrientesdetarde.com\/index.php\/wp-json\/wp\/v2\/tags?post=188532"}],"curies":[{"name":"wp","href":"https:\/\/api.w.org\/{rel}","templated":true}]}}