{"id":188545,"date":"2025-02-04T12:04:36","date_gmt":"2025-02-04T15:04:36","guid":{"rendered":"https:\/\/corrientesdetarde.com\/?p=188545"},"modified":"2025-02-04T12:05:18","modified_gmt":"2025-02-04T15:05:18","slug":"aviones-hidrantes-y-brigadas-forestales-trabajan-arduamente-en-mariano-i-loza","status":"publish","type":"post","link":"https:\/\/corrientesdetarde.com\/index.php\/locales\/aviones-hidrantes-y-brigadas-forestales-trabajan-arduamente-en-mariano-i-loza\/","title":{"rendered":"Aviones hidrantes y brigadas forestales trabajan arduamente en Mariano I. Loza"},"content":{"rendered":"\n<p>El coordinador del Comando Operativo de Emergencias, Bruno Lovinson se refiri\u00f3 a la situaci\u00f3n \u00edgnea en el interior provincial, detallando que sobre la Ruta 119, en la zona de Estaci\u00f3n Solari, se desat\u00f3 este lunes un incendio que ya -al d\u00eda de hoy- lleva consumidos m\u00e1s de 7.500 hect\u00e1reas. Como consecuencia de la magnitud del foco, una persona del sexo femenino perdi\u00f3 la vida en la jornada de ayer.<\/p>\n\n\n\n<p>En este contexto, Lovinzon inform\u00f3 que \u201clamentablemente en el d\u00eda de ayer, nos anoticiamos del fallecimiento de una persona del sexo femenino, de unos 30 a\u00f1os con m\u00e1s del 75% de quemaduras en el cuerpo, que estaba -por la informaci\u00f3n que tenemos- trabajando en un campo, arriando animales\u201d.<\/p>\n\n\n\n<p>\u201cTenemos desplazadas brigadas de incendio, bomberos voluntarios, Vialidad provincial, Salud p\u00fablica, y desplegados dos aviones hidrantes (que partieron desde el Aeropuerto del Iber\u00e1 de Mercedes) que est\u00e1n trabajando en este momento en el lugar, esperando contener el fuego en el d\u00eda de hoy\u201d, manifest\u00f3 el titular del COE, a\u00f1adiendo que tambi\u00e9n personal del Ej\u00e9rcito se encuentra colaborando en tierra con log\u00edstica junto a los municipios aleda\u00f1os.<\/p>\n\n\n\n<p>Respecto al origen del incendio, Lovinzon expres\u00f3 que \u201cse encuentra en materia investigativa en este momento, inclusive ya judicializado\u201d.<\/p>\n\n\n\n<p>Por otra parte, m\u00e1s all\u00e1 de las dimensiones del incendio, el funcionario dio cuenta que el mismo est\u00e1 contenido desde la ruta 140 a la 119, por lo que se espera que no se propague m\u00e1s all\u00e1 de ese per\u00edmetro.<\/p>\n\n\n\n<p><strong>Focos distribuidos y operativo articulado<\/strong><\/p>\n\n\n\n<p>Durante la jornada, personal de emergencia trabaj\u00f3 en el combate de varios focos de incendio distribuidos a lo largo de la Ruta Nacional 119, entre los kil\u00f3metros 72 y 65.<\/p>\n\n\n\n<p>El operativo cont\u00f3 con la participaci\u00f3n de: Bomberos Voluntarios de Mercedes, Bomberos Voluntarios de Curuz\u00fa Cuati\u00e1, Brigada de Incendios Forestales de la Polic\u00eda de Mercedes y Curuz\u00fa Cuati\u00e1, y&nbsp;Sistema de apoyo de la Municipalidad de Curuz\u00fa Cuati\u00e1.<\/p>\n\n\n\n<p><\/p>\n\n\n\n<p><\/p>\n","protected":false},"excerpt":{"rendered":"<p>El coordinador del Comando Operativo de Emergencias, Bruno Lovinson se refiri\u00f3 a la situaci\u00f3n \u00edgnea en el interior provincial, detallando que sobre la Ruta 119, en la zona de Estaci\u00f3n&hellip; <\/p>\n","protected":false},"author":4,"featured_media":188547,"comment_status":"closed","ping_status":"open","sticky":false,"template":"","format":"standard","meta":{"footnotes":""},"categories":[8],"tags":[],"class_list":["post-188545","post","type-post","status-publish","format-standard","has-post-thumbnail","hentry","category-locales"],"_links":{"self":[{"href":"https:\/\/corrientesdetarde.com\/index.php\/wp-json\/wp\/v2\/posts\/188545","targetHints":{"allow":["GET"]}}],"collection":[{"href":"https:\/\/corrientesdetarde.com\/index.php\/wp-json\/wp\/v2\/posts"}],"about":[{"href":"https:\/\/corrientesdetarde.com\/index.php\/wp-json\/wp\/v2\/types\/post"}],"author":[{"embeddable":true,"href":"https:\/\/corrientesdetarde.com\/index.php\/wp-json\/wp\/v2\/users\/4"}],"replies":[{"embeddable":true,"href":"https:\/\/corrientesdetarde.com\/index.php\/wp-json\/wp\/v2\/comments?post=188545"}],"version-history":[{"count":1,"href":"https:\/\/corrientesdetarde.com\/index.php\/wp-json\/wp\/v2\/posts\/188545\/revisions"}],"predecessor-version":[{"id":188548,"href":"https:\/\/corrientesdetarde.com\/index.php\/wp-json\/wp\/v2\/posts\/188545\/revisions\/188548"}],"wp:featuredmedia":[{"embeddable":true,"href":"https:\/\/corrientesdetarde.com\/index.php\/wp-json\/wp\/v2\/media\/188547"}],"wp:attachment":[{"href":"https:\/\/corrientesdetarde.com\/index.php\/wp-json\/wp\/v2\/media?parent=188545"}],"wp:term":[{"taxonomy":"category","embeddable":true,"href":"https:\/\/corrientesdetarde.com\/index.php\/wp-json\/wp\/v2\/categories?post=188545"},{"taxonomy":"post_tag","embeddable":true,"href":"https:\/\/corrientesdetarde.com\/index.php\/wp-json\/wp\/v2\/tags?post=188545"}],"curies":[{"name":"wp","href":"https:\/\/api.w.org\/{rel}","templated":true}]}}