{"id":188590,"date":"2025-02-04T15:04:14","date_gmt":"2025-02-04T18:04:14","guid":{"rendered":"https:\/\/corrientesdetarde.com\/?p=188590"},"modified":"2025-02-04T15:04:18","modified_gmt":"2025-02-04T18:04:18","slug":"una-mujer-fue-abusada-cuando-era-una-nena-se-convirtio-en-policia-y-anos-despues-detuvo-a-su-agresor","status":"publish","type":"post","link":"https:\/\/corrientesdetarde.com\/index.php\/internacionales\/una-mujer-fue-abusada-cuando-era-una-nena-se-convirtio-en-policia-y-anos-despues-detuvo-a-su-agresor\/","title":{"rendered":"Una mujer fue abusada cuando era una nena, se convirti\u00f3 en polic\u00eda y a\u00f1os despu\u00e9s detuvo a su agresor"},"content":{"rendered":"\n<p>Jessica Martinelli fue v\u00edctima de un amigo de la familia cuando ten\u00eda 9 a\u00f1os. A los 15 logr\u00f3 denunciar lo que sufri\u00f3 y una d\u00e9cada despu\u00e9s, particip\u00f3 del operativo para detener a su atacante. \u201cFui yo quien cerr\u00f3 la puerta de la celda. Y realmente fue como el final de un ciclo muy doloroso\u201d, sostuvo.<\/p>\n\n\n\n<p>Cuando ten\u00eda 9 a\u00f1os,&nbsp;<strong>Jessica Martinelli<\/strong>&nbsp;fue abusada sexualmente por un amigo de la familia en la localidad brasile\u00f1a de Chapec\u00f3. La situaci\u00f3n dur\u00f3 cerca de dos a\u00f1os y medio. A los 15, denunci\u00f3 a su abusador y reci\u00e9n a los 25 y ya convertida en polic\u00eda,&nbsp;<strong>logr\u00f3 detenerlo<\/strong>.<\/p>\n\n\n\n<p>La mujer, ahora de 33 a\u00f1os, cont\u00f3 la experiencia en un libro que public\u00f3 a fines de 2024 en Brasil,&nbsp;<em>A Calha<\/em>. \u201cEs una historia que&nbsp;<strong>s\u00e9 que realmente motiva a las v\u00edctimas a denunciar<\/strong>, a contar. Adem\u00e1s de traer cierta justicia, porque muchas v\u00edctimas me dicen que mi acci\u00f3n de cierta manera les trajo consuelo. Porque muchas de ellas ya no tienen los medios para detener a su agresor\u201d, dijo la mujer en di\u00e1logo con el sitio&nbsp;<em>g1<\/em>.<\/p>\n\n\n\n<p>En el libro, Jessica cuenta que los abusos ocurrieron cuando ella ten\u00eda entre 9 y 11 a\u00f1os y medio y s\u00f3lo cesaron despu\u00e9s de que se rompiera la amistad entre el agresor y su familia. El hombre ten\u00eda 33 a\u00f1os cuando comenzaron los cr\u00edmenes.<\/p>\n\n\n\n<p>Cuando ten\u00eda 15 Jessica logr\u00f3 contarle a su hermana los abusos que sufri\u00f3 y juntas fueron a la comisar\u00eda a presentar la denuncia. Pero, seg\u00fan dijo, le result\u00f3 muy dif\u00edcil conseguir que las autoridades tomaran el caso en serio. \u201cTuve que repetir lo mismo miles de veces\u201d, se lament\u00f3.<\/p>\n\n\n\n<figure class=\"wp-block-image\"><img decoding=\"async\" src=\"https:\/\/tn.com.ar\/resizer\/v2\/jessica-martinelli-se-convirtio-en-policia-y-detuvo-al-hombre-que-la-abuso-cuando-era-chica-foto-instagramjessicalaismartinelli-3CEOSZBDWZGOVJRPUJCH2ADO7Y.jpg?auth=205914c6576f87f85e80d9aab91154fcabff04c533ae9bdb95776b481f9046cf&amp;width=767\" alt=\"Jessica Martinelli se convirti\u00f3 en polic\u00eda y detuvo al hombre que la abus\u00f3 cuando era chica. (Foto: Instagram\/@jessicalaismartinelli).\"\/><\/figure>\n\n\n\n<p>Ella cree que todo lo que le pas\u00f3 en su infancia la llev\u00f3 a elegir la profesi\u00f3n de polic\u00eda. \u201cMiraba fotos de mujeres polic\u00edas y ve\u00eda algo que realmente quer\u00eda tener, que era fuerza. Esa fuerza, ese coraje\u201d, sostuvo.<\/p>\n\n\n\n<p>\u201cNo es que yo me un\u00ed a la polic\u00eda para detener a mi abusador. Porque no me hubiera imaginado que ese proceso iba a tardar 10 a\u00f1os. Es que las cosas sucedieron as\u00ed\u201d, asegur\u00f3, aunque recalc\u00f3 que estar en la fuerza le permiti\u00f3 impulsar la causa. \u201cQue quede muy claro que las cosas sucedieron porque&nbsp;<strong>yo estaba sacando adelante las cosas<\/strong>\u201d, afirm\u00f3.<\/p>\n\n\n\n<h2 class=\"wp-block-heading\">El d\u00eda en que Jessica Martinelli detuvo al hombre que la abus\u00f3<\/h2>\n\n\n\n<p>El agresor sexual fue detenido el 22 de diciembre de 2016. Jessica particip\u00f3 del operativo. \u201c<strong>Era como si tuviera 11 a\u00f1os otra vez<\/strong>. Estaba en el patrullero, pero ten\u00eda una mezcla de coraje -\u2018Soy un oficial de polic\u00eda, estoy aqu\u00ed para detener al tipo que hizo todo\u2019- y al mismo tiempo, sent\u00eda como un temblor, mucha ansiedad, miedo. No s\u00e9,&nbsp;<strong>miedo de que me hiciera<\/strong>&nbsp;<strong>algo<\/strong>\u201d, record\u00f3 sobre el momento en que la detenci\u00f3n se llev\u00f3 a cabo.<\/p>\n\n\n\n<p>\u201cMis compa\u00f1eros lo revisaron, pero&nbsp;<strong>fui yo quien cerr\u00f3 la puerta de la celda. Y realmente fue como el final de un ciclo de 10 a\u00f1os<\/strong>. Un ciclo muy doloroso, por el que ninguna v\u00edctima deber\u00eda pasar\u201d, resumi\u00f3.<\/p>\n\n\n\n<figure class=\"wp-block-image\"><img decoding=\"async\" src=\"https:\/\/tn.com.ar\/resizer\/v2\/jessica-martinelli-conto-su-historia-en-un-libro-foto-instagramjessicalaismartinell-5W4D5MDIMNF5DGECGSHKGBCLV4.jpeg?auth=4a49a61754a881ff29584e093714383ecc9d7d9d2c5c957c0b2d1137362c6fb3&amp;width=767\" alt=\"Jessica Martinelli cont\u00f3 su historia en un libro. (Foto: Instagram\/@jessicalaismartinell).\"\/><\/figure>\n\n\n\n<p>La mujer polic\u00eda tambi\u00e9n quiso compartir consejos para v\u00edctimas de abusos sexuales. \u201cLo primero que les quiero decir es: \u2018<strong>No es tu culpa<\/strong>. No es tu culpa en absoluto\u2019. En mi caso, me sent\u00eda culpable porque llevaba bikini, porque era mujer, porque era una ni\u00f1a, una chica. Y&nbsp;<strong>me sent\u00ed culpable por no haberlo contado<\/strong>. As\u00ed que respeta tu historia\u201d, afirm\u00f3.<\/p>\n\n\n\n<p>Con base en su vivencia, Martinelli inst\u00f3 adem\u00e1s a las v\u00edctimas a \u201ccont\u00e1rselo a alguien en quien conf\u00edas\u201d. \u201cNo te lo guardes para vos pensando \u2018no se lo voy a decir a nadie y se me pasar\u00e1\u2019. Porque no ser\u00e1 as\u00ed. Llegar\u00e1 un momento en el que explotar\u00e1s\u201d, afirm\u00f3.<\/p>\n\n\n\n<p>\u201cTambi\u00e9n te aconsejo que lo denuncies. Creo que la detenci\u00f3n de tu agresor ayudar\u00e1 en el proceso de sanaci\u00f3n\u201d, cerr\u00f3.<\/p>\n","protected":false},"excerpt":{"rendered":"<p>Jessica Martinelli fue v\u00edctima de un amigo de la familia cuando ten\u00eda 9 a\u00f1os. A los 15 logr\u00f3 denunciar lo que sufri\u00f3 y una d\u00e9cada despu\u00e9s, particip\u00f3 del operativo para&hellip; <\/p>\n","protected":false},"author":8,"featured_media":188591,"comment_status":"closed","ping_status":"open","sticky":false,"template":"","format":"standard","meta":{"footnotes":""},"categories":[11],"tags":[],"class_list":["post-188590","post","type-post","status-publish","format-standard","has-post-thumbnail","hentry","category-internacionales"],"_links":{"self":[{"href":"https:\/\/corrientesdetarde.com\/index.php\/wp-json\/wp\/v2\/posts\/188590","targetHints":{"allow":["GET"]}}],"collection":[{"href":"https:\/\/corrientesdetarde.com\/index.php\/wp-json\/wp\/v2\/posts"}],"about":[{"href":"https:\/\/corrientesdetarde.com\/index.php\/wp-json\/wp\/v2\/types\/post"}],"author":[{"embeddable":true,"href":"https:\/\/corrientesdetarde.com\/index.php\/wp-json\/wp\/v2\/users\/8"}],"replies":[{"embeddable":true,"href":"https:\/\/corrientesdetarde.com\/index.php\/wp-json\/wp\/v2\/comments?post=188590"}],"version-history":[{"count":1,"href":"https:\/\/corrientesdetarde.com\/index.php\/wp-json\/wp\/v2\/posts\/188590\/revisions"}],"predecessor-version":[{"id":188592,"href":"https:\/\/corrientesdetarde.com\/index.php\/wp-json\/wp\/v2\/posts\/188590\/revisions\/188592"}],"wp:featuredmedia":[{"embeddable":true,"href":"https:\/\/corrientesdetarde.com\/index.php\/wp-json\/wp\/v2\/media\/188591"}],"wp:attachment":[{"href":"https:\/\/corrientesdetarde.com\/index.php\/wp-json\/wp\/v2\/media?parent=188590"}],"wp:term":[{"taxonomy":"category","embeddable":true,"href":"https:\/\/corrientesdetarde.com\/index.php\/wp-json\/wp\/v2\/categories?post=188590"},{"taxonomy":"post_tag","embeddable":true,"href":"https:\/\/corrientesdetarde.com\/index.php\/wp-json\/wp\/v2\/tags?post=188590"}],"curies":[{"name":"wp","href":"https:\/\/api.w.org\/{rel}","templated":true}]}}