{"id":188887,"date":"2025-02-06T08:54:49","date_gmt":"2025-02-06T11:54:49","guid":{"rendered":"https:\/\/corrientesdetarde.com\/?p=188887"},"modified":"2025-02-06T08:54:50","modified_gmt":"2025-02-06T11:54:50","slug":"maxima-precaucion-toda-la-provincia-se-encuentra-bajo-riesgo-extremo-de-incendios","status":"publish","type":"post","link":"https:\/\/corrientesdetarde.com\/index.php\/actualidad\/maxima-precaucion-toda-la-provincia-se-encuentra-bajo-riesgo-extremo-de-incendios\/","title":{"rendered":"M\u00e1xima precauci\u00f3n: toda la provincia se encuentra bajo riesgo extremo de incendios"},"content":{"rendered":"\n<p>Desde la Direcci\u00f3n de Recursos Forestales dieron a conocer informaci\u00f3n actualizada respecto a la situaci\u00f3n en la provincia.&nbsp;<\/p>\n\n\n\n<p>Este mi\u00e9rcoles, desde la Direcci\u00f3n de Recursos Forestales del Ministerio de Producci\u00f3n de Corrientes, brindaron su informe diario respecto a los \u00edndices de riesgo de fuego en las diferentes localidades de la provincia.<\/p>\n\n\n\n<p>De acuerdo a los datos brindados, sobre la totalidad de la provincia rige un \u00edndice extremo de riesgo de fuego o alerta roja.&nbsp;<\/p>\n\n\n\n<p>Cabe recordar que el Riesgo de Incendio se define como la probabilidad de que se produzca un incendio en una zona. La conjunci\u00f3n de la Peligrosidad y de la Frecuencia-causalidad permite determinar dicho riesgo.<\/p>\n\n\n\n<p>Ante la falta de lluvias y los muy altos indicadores de peligro de incendios, se recuerda que est\u00e1 proh\u00edbido en Corrientes cualquier tipo de quema hasta nuevo aviso. Se solicita a la poblaci\u00f3n evitar este tipo de pr\u00e1cticas.&nbsp;<\/p>\n\n\n\n<p>En caso de observar alg\u00fan tipo de foco \u00edgneo se debe dar aviso de manera inmediata a la Polic\u00eda (911 o 101) o a los Bomberos (100)&nbsp;<\/p>\n\n\n\n<figure class=\"wp-block-image\"><img decoding=\"async\" src=\"https:\/\/www.lt7noticias.com\/content\/bucket\/9\/72739w790h600c.jpg.webp\" alt=\"\"\/><\/figure>\n","protected":false},"excerpt":{"rendered":"<p>Desde la Direcci\u00f3n de Recursos Forestales dieron a conocer informaci\u00f3n actualizada respecto a la situaci\u00f3n en la provincia.&nbsp; Este mi\u00e9rcoles, desde la Direcci\u00f3n de Recursos Forestales del Ministerio de Producci\u00f3n&hellip; <\/p>\n","protected":false},"author":4,"featured_media":188900,"comment_status":"closed","ping_status":"open","sticky":false,"template":"","format":"standard","meta":{"footnotes":""},"categories":[23],"tags":[],"class_list":["post-188887","post","type-post","status-publish","format-standard","has-post-thumbnail","hentry","category-actualidad"],"_links":{"self":[{"href":"https:\/\/corrientesdetarde.com\/index.php\/wp-json\/wp\/v2\/posts\/188887","targetHints":{"allow":["GET"]}}],"collection":[{"href":"https:\/\/corrientesdetarde.com\/index.php\/wp-json\/wp\/v2\/posts"}],"about":[{"href":"https:\/\/corrientesdetarde.com\/index.php\/wp-json\/wp\/v2\/types\/post"}],"author":[{"embeddable":true,"href":"https:\/\/corrientesdetarde.com\/index.php\/wp-json\/wp\/v2\/users\/4"}],"replies":[{"embeddable":true,"href":"https:\/\/corrientesdetarde.com\/index.php\/wp-json\/wp\/v2\/comments?post=188887"}],"version-history":[{"count":2,"href":"https:\/\/corrientesdetarde.com\/index.php\/wp-json\/wp\/v2\/posts\/188887\/revisions"}],"predecessor-version":[{"id":188904,"href":"https:\/\/corrientesdetarde.com\/index.php\/wp-json\/wp\/v2\/posts\/188887\/revisions\/188904"}],"wp:featuredmedia":[{"embeddable":true,"href":"https:\/\/corrientesdetarde.com\/index.php\/wp-json\/wp\/v2\/media\/188900"}],"wp:attachment":[{"href":"https:\/\/corrientesdetarde.com\/index.php\/wp-json\/wp\/v2\/media?parent=188887"}],"wp:term":[{"taxonomy":"category","embeddable":true,"href":"https:\/\/corrientesdetarde.com\/index.php\/wp-json\/wp\/v2\/categories?post=188887"},{"taxonomy":"post_tag","embeddable":true,"href":"https:\/\/corrientesdetarde.com\/index.php\/wp-json\/wp\/v2\/tags?post=188887"}],"curies":[{"name":"wp","href":"https:\/\/api.w.org\/{rel}","templated":true}]}}