{"id":188888,"date":"2025-02-06T08:38:49","date_gmt":"2025-02-06T11:38:49","guid":{"rendered":"https:\/\/corrientesdetarde.com\/?p=188888"},"modified":"2025-02-06T08:39:00","modified_gmt":"2025-02-06T11:39:00","slug":"arranco-el-pago-del-plus-unificado-de-febrero-para-los-empleados-publicos-de-corrientes","status":"publish","type":"post","link":"https:\/\/corrientesdetarde.com\/index.php\/locales\/arranco-el-pago-del-plus-unificado-de-febrero-para-los-empleados-publicos-de-corrientes\/","title":{"rendered":"Arranc\u00f3 el pago del plus unificado de febrero para los empleados p\u00fablicos de Corrientes"},"content":{"rendered":"\n<p>El Gobierno provincial comenz\u00f3 a abonar los 55 mil pesos de adicional. El calendario se extender\u00e1 hasta el mi\u00e9rcoles 12.<\/p>\n\n\n\n<p>El Gobierno de Corrientes comenz\u00f3 a pagar el plus unificado de febrero. Se trata de los 55 mil pesos que se abonan por agente y llega a activos, jubilados y pensionados<\/p>\n\n\n\n<p>El primer tramo alcanza a los agentes con Documento Nacional de Identidad terminados en 0 y 1.<\/p>\n\n\n\n<blockquote class=\"twitter-tweet\"><p lang=\"es\" dir=\"ltr\">El Plus Unificado del mes de febrero para trabajadores provinciales activos y jubilados se pagar\u00e1 por terminaci\u00f3n de DNI:<br><br>\u2022 Jueves 6: 0 y 1<br>\u2022 Viernes 7: 2 y 3<br>\u2022 Lunes 10: 4 y 5*<br>\u2022 Martes 11: 6 y 7<br>\u2022 Mi\u00e9rcoles 12: 8 y 9<br><br>* Por cajeros, s\u00e1bado 8.<\/p>&mdash; Gustavo Vald\u00e9s (@gustavovaldesok) <a href=\"https:\/\/twitter.com\/gustavovaldesok\/status\/1886731433835643368?ref_src=twsrc%5Etfw\">February 4, 2025<\/a><\/blockquote> <script async src=\"https:\/\/platform.twitter.com\/widgets.js\" charset=\"utf-8\"><\/script>\n\n\n\n<p>El viernes 7, percibir\u00e1n aquellos con documentos terminados en 2 y 3. El lunes 10, los agentes con DNI finalizados en 4 y 5. Este tramo estar\u00e1 disponible desde el s\u00e1bado 8, a trav\u00e9s del homebanking y de los cajeros autom\u00e1ticos habilitados por el Banco de Corrientes SA.<\/p>\n\n\n\n<p>El martes 11, ser\u00e1 el turno de los beneficiarios con documentos terminados en 6 y 7.<\/p>\n\n\n\n<p>El mi\u00e9rcoles 12, finaliza el cronograma con el pago a aquellos con DNI terminados en 8 y 9.<\/p>\n","protected":false},"excerpt":{"rendered":"<p>El Gobierno provincial comenz\u00f3 a abonar los 55 mil pesos de adicional. El calendario se extender\u00e1 hasta el mi\u00e9rcoles 12. El Gobierno de Corrientes comenz\u00f3 a pagar el plus unificado&hellip; <\/p>\n","protected":false},"author":4,"featured_media":188897,"comment_status":"closed","ping_status":"open","sticky":false,"template":"","format":"standard","meta":{"footnotes":""},"categories":[8],"tags":[],"class_list":["post-188888","post","type-post","status-publish","format-standard","has-post-thumbnail","hentry","category-locales"],"_links":{"self":[{"href":"https:\/\/corrientesdetarde.com\/index.php\/wp-json\/wp\/v2\/posts\/188888","targetHints":{"allow":["GET"]}}],"collection":[{"href":"https:\/\/corrientesdetarde.com\/index.php\/wp-json\/wp\/v2\/posts"}],"about":[{"href":"https:\/\/corrientesdetarde.com\/index.php\/wp-json\/wp\/v2\/types\/post"}],"author":[{"embeddable":true,"href":"https:\/\/corrientesdetarde.com\/index.php\/wp-json\/wp\/v2\/users\/4"}],"replies":[{"embeddable":true,"href":"https:\/\/corrientesdetarde.com\/index.php\/wp-json\/wp\/v2\/comments?post=188888"}],"version-history":[{"count":2,"href":"https:\/\/corrientesdetarde.com\/index.php\/wp-json\/wp\/v2\/posts\/188888\/revisions"}],"predecessor-version":[{"id":188899,"href":"https:\/\/corrientesdetarde.com\/index.php\/wp-json\/wp\/v2\/posts\/188888\/revisions\/188899"}],"wp:featuredmedia":[{"embeddable":true,"href":"https:\/\/corrientesdetarde.com\/index.php\/wp-json\/wp\/v2\/media\/188897"}],"wp:attachment":[{"href":"https:\/\/corrientesdetarde.com\/index.php\/wp-json\/wp\/v2\/media?parent=188888"}],"wp:term":[{"taxonomy":"category","embeddable":true,"href":"https:\/\/corrientesdetarde.com\/index.php\/wp-json\/wp\/v2\/categories?post=188888"},{"taxonomy":"post_tag","embeddable":true,"href":"https:\/\/corrientesdetarde.com\/index.php\/wp-json\/wp\/v2\/tags?post=188888"}],"curies":[{"name":"wp","href":"https:\/\/api.w.org\/{rel}","templated":true}]}}