{"id":188905,"date":"2025-02-06T09:06:12","date_gmt":"2025-02-06T12:06:12","guid":{"rendered":"https:\/\/corrientesdetarde.com\/?p=188905"},"modified":"2025-02-06T09:06:23","modified_gmt":"2025-02-06T12:06:23","slug":"luis-caputo-al-campo-el-equilibrio-fiscal-no-lo-vamos-a-arriesgar-de-ninguna-forma","status":"publish","type":"post","link":"https:\/\/corrientesdetarde.com\/index.php\/economia\/luis-caputo-al-campo-el-equilibrio-fiscal-no-lo-vamos-a-arriesgar-de-ninguna-forma\/","title":{"rendered":"Luis Caputo al campo: &#8220;El equilibrio fiscal no lo vamos a arriesgar de ninguna forma&#8221;"},"content":{"rendered":"\n<h2 class=\"wp-block-heading\">El ministro de Econom\u00eda, Luis Caputo, defendi\u00f3 la rebaja temporal de retenciones, asegurando que no se comprometer\u00e1 el equilibio fiscal del pa\u00eds.<\/h2>\n\n\n\n<p>El ministro de Econom\u00eda,&nbsp;<a href=\"https:\/\/noticiasargentinas.com\/economia\/luis-caputo-nego-una-posible-devaluacion-y-detallo-las-condiciones-necesarias-para-levantar-el-cepo-cambiario_a67a3f8ecce8b574ac9e4aae7\"><strong>Luis Caputo<\/strong>,&nbsp;<\/a>se refiri\u00f3 hoy a la decisi\u00f3n de que la&nbsp;<strong>rebaja de retenciones<\/strong>&nbsp;sea temporal y remarc\u00f3 que el Gobierno no arriesgar\u00e1 el&nbsp;<strong>equilibrio fiscal<\/strong>.<\/p>\n\n\n\n<p>En declaraciones en LN+, a pocas horas de reunirse con la&nbsp;<strong>Mesa de Enlace<\/strong>, Caputo dijo que &#8220;la decisi\u00f3n es temporal porque esto es lo que nos da la plata y quer\u00edamos solidarizarnos con el campo y hacer el m\u00e1ximo esfuerzo&#8221;.<\/p>\n\n\n\n<p>&#8220;Ten\u00edamos algo de super\u00e1vit entonces invertimos en reducirle esto al campo en esta campa\u00f1a que ahora afortunadamente llovi\u00f3 fuerte en la zona n\u00facleo y el precio de la soja recuper\u00f3&#8221;, agreg\u00f3.<\/p>\n\n\n\n<p>En la antesala de la reuni\u00f3n con el campo, en la que se espera que los ruralistas reclamen una&nbsp;<strong>eliminaci\u00f3n permanente de retenciones<\/strong>, el ministro resalt\u00f3 que &#8220;es una decisi\u00f3n transitoria&#8221;.<\/p>\n\n\n\n<p>&#8220;Nosotros a donde vamos es a la eliminaci\u00f3n de estos impuestos, nosotros vinimos ac\u00e1 a bajar impuestos&#8221;, asegur\u00f3 y enumer\u00f3: &#8220;Empezamos por el&nbsp;<strong>impuesto inflacionario<\/strong>, sacamos a 9 millones de personas de la pobreza, eliminamos el&nbsp;<strong>Impuesto Pa\u00eds<\/strong>, las retenciones a las econom\u00edas regionales, bajamos los impuestos al campo, eliminamos pr\u00e1cticamente a cero la mayor\u00eda de los&nbsp;<strong>aranceles de bienes de capital<\/strong>&nbsp;que muchos usan para producir, hablando de&nbsp;<strong>nivelar la cancha<\/strong>&#8220;.<\/p>\n\n\n\n<p>&#8220;El objetivo es que termine siendo algo permanente en el campo pero ahora vence en junio, nosotros el equilibrio fiscal no lo vamos a arriesgar de ninguna forma&#8221;, concluy\u00f3.<\/p>\n","protected":false},"excerpt":{"rendered":"<p>El ministro de Econom\u00eda, Luis Caputo, defendi\u00f3 la rebaja temporal de retenciones, asegurando que no se comprometer\u00e1 el equilibio fiscal del pa\u00eds. El ministro de Econom\u00eda,&nbsp;Luis Caputo,&nbsp;se refiri\u00f3 hoy a&hellip; <\/p>\n","protected":false},"author":4,"featured_media":188906,"comment_status":"closed","ping_status":"open","sticky":false,"template":"","format":"standard","meta":{"footnotes":""},"categories":[20],"tags":[],"class_list":["post-188905","post","type-post","status-publish","format-standard","has-post-thumbnail","hentry","category-economia"],"_links":{"self":[{"href":"https:\/\/corrientesdetarde.com\/index.php\/wp-json\/wp\/v2\/posts\/188905","targetHints":{"allow":["GET"]}}],"collection":[{"href":"https:\/\/corrientesdetarde.com\/index.php\/wp-json\/wp\/v2\/posts"}],"about":[{"href":"https:\/\/corrientesdetarde.com\/index.php\/wp-json\/wp\/v2\/types\/post"}],"author":[{"embeddable":true,"href":"https:\/\/corrientesdetarde.com\/index.php\/wp-json\/wp\/v2\/users\/4"}],"replies":[{"embeddable":true,"href":"https:\/\/corrientesdetarde.com\/index.php\/wp-json\/wp\/v2\/comments?post=188905"}],"version-history":[{"count":2,"href":"https:\/\/corrientesdetarde.com\/index.php\/wp-json\/wp\/v2\/posts\/188905\/revisions"}],"predecessor-version":[{"id":188908,"href":"https:\/\/corrientesdetarde.com\/index.php\/wp-json\/wp\/v2\/posts\/188905\/revisions\/188908"}],"wp:featuredmedia":[{"embeddable":true,"href":"https:\/\/corrientesdetarde.com\/index.php\/wp-json\/wp\/v2\/media\/188906"}],"wp:attachment":[{"href":"https:\/\/corrientesdetarde.com\/index.php\/wp-json\/wp\/v2\/media?parent=188905"}],"wp:term":[{"taxonomy":"category","embeddable":true,"href":"https:\/\/corrientesdetarde.com\/index.php\/wp-json\/wp\/v2\/categories?post=188905"},{"taxonomy":"post_tag","embeddable":true,"href":"https:\/\/corrientesdetarde.com\/index.php\/wp-json\/wp\/v2\/tags?post=188905"}],"curies":[{"name":"wp","href":"https:\/\/api.w.org\/{rel}","templated":true}]}}