{"id":188909,"date":"2025-02-06T09:13:53","date_gmt":"2025-02-06T12:13:53","guid":{"rendered":"https:\/\/corrientesdetarde.com\/?p=188909"},"modified":"2025-02-06T09:14:05","modified_gmt":"2025-02-06T12:14:05","slug":"el-gobierno-freno-la-eliminacion-de-segmentacion-de-subsidios","status":"publish","type":"post","link":"https:\/\/corrientesdetarde.com\/index.php\/economia\/el-gobierno-freno-la-eliminacion-de-segmentacion-de-subsidios\/","title":{"rendered":"El Gobierno fren\u00f3 la eliminaci\u00f3n de segmentaci\u00f3n de subsidios"},"content":{"rendered":"\n<h2 class=\"wp-block-heading\">Caputo dijo que &#8220;fue un error de comunicaci\u00f3n&#8221;.<\/h2>\n\n\n\n<p>El Gobierno puso en pausa el proyecto de eliminar la segmentaci\u00f3n de subsidios, luego de la marcha atr\u00e1s con el aumento de luz.<\/p>\n\n\n\n<p>La Secretar\u00eda de Energ\u00eda avanzar\u00e1 en un recorte escalonado de las bonificaciones que reciben unos 9,5 millones de hogares de ingresos medios y bajos.&nbsp;<\/p>\n\n\n\n<p>El equipo de la secretaria de Energ\u00eda, Mar\u00eda Tettamanti, puso en pausa al menos por el momento la idea de eliminar este a\u00f1o la segmentaci\u00f3n de subsidios por ingresos en las tarifas de electricidad y de gas natural.&nbsp;<\/p>\n\n\n\n<p>S\u00ed avanzar\u00e1 en un recorte de las \u201cbonificaciones\u201d que reciben unos 9,5 millones de hogares de ingresos medios y bajos en la Argentina, casi 6 de cada 10 usuarios residenciales, que se repartir\u00e1 \u201cgradualmente\u201d hasta que termine 2025.<\/p>\n\n\n\n<p>Consultado sobre la contra marcha en las decisiones, el ministro de Econom\u00eda, Luis Caputo, dijo que &#8220;fue un error de comunicaci\u00f3n, el asunto es que nosotros vamos a unificar subsidios de electricidad y gas para N2 (clases m\u00e1s bajas, que reciben subsidios m\u00e1s altos) y la N3 (la clase media, con subsidios menores que en la N2), eso a lo largo del a\u00f1o&#8221;.<\/p>\n\n\n\n<p>&#8220;El error es que se puso que era a partir de este mes&#8221;, asegur\u00f3.<\/p>\n\n\n\n<p>&#8220;Esa suba de 8% a 12% es gradual; las tarifas van a seguir el mismo curso de siempre, en el orden de 1 y pico este mes&#8221;, concluy\u00f3.<\/p>\n","protected":false},"excerpt":{"rendered":"<p>Caputo dijo que &#8220;fue un error de comunicaci\u00f3n&#8221;. El Gobierno puso en pausa el proyecto de eliminar la segmentaci\u00f3n de subsidios, luego de la marcha atr\u00e1s con el aumento de&hellip; <\/p>\n","protected":false},"author":4,"featured_media":188910,"comment_status":"closed","ping_status":"open","sticky":false,"template":"","format":"standard","meta":{"footnotes":""},"categories":[20],"tags":[],"class_list":["post-188909","post","type-post","status-publish","format-standard","has-post-thumbnail","hentry","category-economia"],"_links":{"self":[{"href":"https:\/\/corrientesdetarde.com\/index.php\/wp-json\/wp\/v2\/posts\/188909","targetHints":{"allow":["GET"]}}],"collection":[{"href":"https:\/\/corrientesdetarde.com\/index.php\/wp-json\/wp\/v2\/posts"}],"about":[{"href":"https:\/\/corrientesdetarde.com\/index.php\/wp-json\/wp\/v2\/types\/post"}],"author":[{"embeddable":true,"href":"https:\/\/corrientesdetarde.com\/index.php\/wp-json\/wp\/v2\/users\/4"}],"replies":[{"embeddable":true,"href":"https:\/\/corrientesdetarde.com\/index.php\/wp-json\/wp\/v2\/comments?post=188909"}],"version-history":[{"count":2,"href":"https:\/\/corrientesdetarde.com\/index.php\/wp-json\/wp\/v2\/posts\/188909\/revisions"}],"predecessor-version":[{"id":188912,"href":"https:\/\/corrientesdetarde.com\/index.php\/wp-json\/wp\/v2\/posts\/188909\/revisions\/188912"}],"wp:featuredmedia":[{"embeddable":true,"href":"https:\/\/corrientesdetarde.com\/index.php\/wp-json\/wp\/v2\/media\/188910"}],"wp:attachment":[{"href":"https:\/\/corrientesdetarde.com\/index.php\/wp-json\/wp\/v2\/media?parent=188909"}],"wp:term":[{"taxonomy":"category","embeddable":true,"href":"https:\/\/corrientesdetarde.com\/index.php\/wp-json\/wp\/v2\/categories?post=188909"},{"taxonomy":"post_tag","embeddable":true,"href":"https:\/\/corrientesdetarde.com\/index.php\/wp-json\/wp\/v2\/tags?post=188909"}],"curies":[{"name":"wp","href":"https:\/\/api.w.org\/{rel}","templated":true}]}}