{"id":188941,"date":"2025-02-06T10:45:51","date_gmt":"2025-02-06T13:45:51","guid":{"rendered":"https:\/\/corrientesdetarde.com\/?p=188941"},"modified":"2025-02-06T10:45:56","modified_gmt":"2025-02-06T13:45:56","slug":"la-arazaty-i-es-la-primera-playa-de-sudamerica-en-funcionar-en-horario-nocturno","status":"publish","type":"post","link":"https:\/\/corrientesdetarde.com\/index.php\/destacados\/la-arazaty-i-es-la-primera-playa-de-sudamerica-en-funcionar-en-horario-nocturno\/","title":{"rendered":"La Arazaty I es la primera playa de Sudam\u00e9rica en funcionar en horario nocturno"},"content":{"rendered":"\n<p>La comuna capitalina decidi\u00f3 que se extienda su turno de la noche y siga funcionando en febrero.&nbsp;<\/p>\n\n\n\n<p>La playa Arazaty I, en la ciudad de Corrientes, continuar\u00e1 con su horario nocturno extendido durante todo febrero, convirti\u00e9ndose en la primera playa de Sudam\u00e9rica en operar en este turno, seg\u00fan inform\u00f3 el director general de Playas y Balnearios de la Municipalidad, Adri\u00e1n Meza.<\/p>\n\n\n\n<p>Desde diciembre, los fines de semana la playa permanece habilitada hasta las 22, con la presencia de polic\u00eda tur\u00edstica, guardavidas y el boyado correspondiente para seguridad de los ba\u00f1istas.<\/p>\n\n\n\n<p>Adem\u00e1s, los ba\u00f1os tienen un horario especial y permanecen abiertos hasta las 2 de la ma\u00f1ana los viernes, s\u00e1bados y domingos.<\/p>\n\n\n\n<figure class=\"wp-block-image\"><img decoding=\"async\" src=\"https:\/\/www.lt7noticias.com\/content\/bucket\/3\/72733w790h593c.jpg.webp\" alt=\"\"\/><\/figure>\n","protected":false},"excerpt":{"rendered":"<p>La comuna capitalina decidi\u00f3 que se extienda su turno de la noche y siga funcionando en febrero.&nbsp; La playa Arazaty I, en la ciudad de Corrientes, continuar\u00e1 con su horario&hellip; <\/p>\n","protected":false},"author":4,"featured_media":188942,"comment_status":"closed","ping_status":"open","sticky":false,"template":"","format":"standard","meta":{"footnotes":""},"categories":[26],"tags":[],"class_list":["post-188941","post","type-post","status-publish","format-standard","has-post-thumbnail","hentry","category-destacados"],"_links":{"self":[{"href":"https:\/\/corrientesdetarde.com\/index.php\/wp-json\/wp\/v2\/posts\/188941","targetHints":{"allow":["GET"]}}],"collection":[{"href":"https:\/\/corrientesdetarde.com\/index.php\/wp-json\/wp\/v2\/posts"}],"about":[{"href":"https:\/\/corrientesdetarde.com\/index.php\/wp-json\/wp\/v2\/types\/post"}],"author":[{"embeddable":true,"href":"https:\/\/corrientesdetarde.com\/index.php\/wp-json\/wp\/v2\/users\/4"}],"replies":[{"embeddable":true,"href":"https:\/\/corrientesdetarde.com\/index.php\/wp-json\/wp\/v2\/comments?post=188941"}],"version-history":[{"count":1,"href":"https:\/\/corrientesdetarde.com\/index.php\/wp-json\/wp\/v2\/posts\/188941\/revisions"}],"predecessor-version":[{"id":188943,"href":"https:\/\/corrientesdetarde.com\/index.php\/wp-json\/wp\/v2\/posts\/188941\/revisions\/188943"}],"wp:featuredmedia":[{"embeddable":true,"href":"https:\/\/corrientesdetarde.com\/index.php\/wp-json\/wp\/v2\/media\/188942"}],"wp:attachment":[{"href":"https:\/\/corrientesdetarde.com\/index.php\/wp-json\/wp\/v2\/media?parent=188941"}],"wp:term":[{"taxonomy":"category","embeddable":true,"href":"https:\/\/corrientesdetarde.com\/index.php\/wp-json\/wp\/v2\/categories?post=188941"},{"taxonomy":"post_tag","embeddable":true,"href":"https:\/\/corrientesdetarde.com\/index.php\/wp-json\/wp\/v2\/tags?post=188941"}],"curies":[{"name":"wp","href":"https:\/\/api.w.org\/{rel}","templated":true}]}}