{"id":188944,"date":"2025-02-06T10:49:45","date_gmt":"2025-02-06T13:49:45","guid":{"rendered":"https:\/\/corrientesdetarde.com\/?p=188944"},"modified":"2025-02-06T10:49:50","modified_gmt":"2025-02-06T13:49:50","slug":"javier-milei-confirmo-que-analiza-retirar-a-argentina-del-acuerdo-de-paris-me-parece-un-fraude","status":"publish","type":"post","link":"https:\/\/corrientesdetarde.com\/index.php\/politica\/javier-milei-confirmo-que-analiza-retirar-a-argentina-del-acuerdo-de-paris-me-parece-un-fraude\/","title":{"rendered":"Javier Milei confirm\u00f3 que analiza retirar a Argentina del Acuerdo de Par\u00eds: &#8220;me parece un fraude&#8221;"},"content":{"rendered":"\n<p>El Presidente reiter\u00f3 durante una entrevista que &#8220;no adhiere a la agenda ambientalista&#8221;. Se suma as\u00ed a la salida de la OMS.<\/p>\n\n\n\n<p>Luego de anunciar la salida de la Organizaci\u00f3n Mundial de la Salud (OMS) este mi\u00e9rcoles, el presidente Javier Milei adelant\u00f3 que tambi\u00e9n analiza retirar a Argentina del Acuerdo de Par\u00eds. Durante una entrevista el mandatario reconoci\u00f3 que lo est\u00e1 considerando y reiter\u00f3 que &#8220;no adhiere a la agenda ambientalista&#8221;.<\/p>\n\n\n\n<p>&#8220;No adhiero a la agenda ambientalista, que me parece un verdadero fraude&#8221;, argument\u00f3 el libertario sobre una eventual salida del tratado internacional sobre cambio clim\u00e1tico y agreg\u00f3 que la forma en la que se aborda el tema actualmente &#8220;es completamente err\u00f3nea&#8221;.<\/p>\n\n\n\n<p>Al respecto, explic\u00f3: &#8220;El calentamiento global no tiene nada que ver con la presencia humana. Es un problema relacionado con los ciclos de temperatura del planeta. Actualmente, estamos viviendo el quinto ciclo de temperaturas elevadas, y en los cuatro ciclos anteriores el ser humano no exist\u00eda&#8221;.<\/p>\n\n\n\n<p>En esta l\u00ednea, Milei cuestion\u00f3 a las organizaciones internacionales y consider\u00f3 que deber\u00edan ser eliminadas, entre ellas mencion\u00f3 a la Organizaci\u00f3n Mundial de la Salud, de la cual Argentina se retir\u00f3 este mi\u00e9rcoles, siguiendo los pasos de la administraci\u00f3n de Donald Trump en Estados Unidos.<\/p>\n\n\n\n<p>&#8220;Es una organizaci\u00f3n criminal. Y elijo mis palabras con cuidado. La OMS fue responsable de cr\u00edmenes de lesa humanidad a gran escala durante la pandemia de Covid, seg\u00fan lo definido en el art\u00edculo 7 del Estatuto de Roma de la Corte Penal Internacional&#8221;, sentenci\u00f3 Milei al respecto.<\/p>\n","protected":false},"excerpt":{"rendered":"<p>El Presidente reiter\u00f3 durante una entrevista que &#8220;no adhiere a la agenda ambientalista&#8221;. Se suma as\u00ed a la salida de la OMS. Luego de anunciar la salida de la Organizaci\u00f3n&hellip; <\/p>\n","protected":false},"author":4,"featured_media":188945,"comment_status":"closed","ping_status":"open","sticky":false,"template":"","format":"standard","meta":{"footnotes":""},"categories":[3],"tags":[],"class_list":["post-188944","post","type-post","status-publish","format-standard","has-post-thumbnail","hentry","category-politica"],"_links":{"self":[{"href":"https:\/\/corrientesdetarde.com\/index.php\/wp-json\/wp\/v2\/posts\/188944","targetHints":{"allow":["GET"]}}],"collection":[{"href":"https:\/\/corrientesdetarde.com\/index.php\/wp-json\/wp\/v2\/posts"}],"about":[{"href":"https:\/\/corrientesdetarde.com\/index.php\/wp-json\/wp\/v2\/types\/post"}],"author":[{"embeddable":true,"href":"https:\/\/corrientesdetarde.com\/index.php\/wp-json\/wp\/v2\/users\/4"}],"replies":[{"embeddable":true,"href":"https:\/\/corrientesdetarde.com\/index.php\/wp-json\/wp\/v2\/comments?post=188944"}],"version-history":[{"count":2,"href":"https:\/\/corrientesdetarde.com\/index.php\/wp-json\/wp\/v2\/posts\/188944\/revisions"}],"predecessor-version":[{"id":188947,"href":"https:\/\/corrientesdetarde.com\/index.php\/wp-json\/wp\/v2\/posts\/188944\/revisions\/188947"}],"wp:featuredmedia":[{"embeddable":true,"href":"https:\/\/corrientesdetarde.com\/index.php\/wp-json\/wp\/v2\/media\/188945"}],"wp:attachment":[{"href":"https:\/\/corrientesdetarde.com\/index.php\/wp-json\/wp\/v2\/media?parent=188944"}],"wp:term":[{"taxonomy":"category","embeddable":true,"href":"https:\/\/corrientesdetarde.com\/index.php\/wp-json\/wp\/v2\/categories?post=188944"},{"taxonomy":"post_tag","embeddable":true,"href":"https:\/\/corrientesdetarde.com\/index.php\/wp-json\/wp\/v2\/tags?post=188944"}],"curies":[{"name":"wp","href":"https:\/\/api.w.org\/{rel}","templated":true}]}}