{"id":188960,"date":"2025-02-06T11:07:04","date_gmt":"2025-02-06T14:07:04","guid":{"rendered":"https:\/\/corrientesdetarde.com\/?p=188960"},"modified":"2025-02-06T11:07:16","modified_gmt":"2025-02-06T14:07:16","slug":"empieza-una-nueva-temporada-de-la-primera-nacional-como-sera-el-formato","status":"publish","type":"post","link":"https:\/\/corrientesdetarde.com\/index.php\/informacion-general\/empieza-una-nueva-temporada-de-la-primera-nacional-como-sera-el-formato\/","title":{"rendered":"Empieza una nueva temporada de la Primera Nacional: \u00bfc\u00f3mo ser\u00e1 el formato?"},"content":{"rendered":"\n<h2 class=\"wp-block-heading\">Este jueves comenzar\u00e1 a rodar la pelota en la segunda divisi\u00f3n del f\u00fatbol argentino con el partido entre Col\u00f3n y Temperley.<\/h2>\n\n\n\n<p><strong>La nueva temporada de la\u00a0Primera Nacional\u00a0comenzar\u00e1 este jueves<\/strong>, cuando\u00a0<strong>Col\u00f3n<\/strong>\u00a0reciba en el Cementerio de los Elefantes a\u00a0<strong>Temperley<\/strong>.<\/p>\n\n\n\n<p><strong>Este torneo de la Primera Nacional contar\u00e1 con 36 equipos<\/strong>&nbsp;y ser\u00e1 muy similar al del a\u00f1o pasado, en el que Aldosivi y San Mart\u00edn de San Juan consiguieron el ascenso.<\/p>\n\n\n\n<h4 class=\"wp-block-heading\">As\u00ed ser\u00e1 el torneo de la Primea Nacional<\/h4>\n\n\n\n<p><strong>Los equipos estar\u00e1n divididos en dos zonas de 18<\/strong>&nbsp;y se enfrentar\u00e1n entre ellos (ida y vuelta) a lo largo de 34 fechas. Este a\u00f1o no habr\u00e1 partidos interzonales.<\/p>\n\n\n\n<p><strong>Habr\u00e1n dos ascensos:&nbsp;<\/strong>el primero saldr\u00e1 del ganador de la final, en la que se enfrentar\u00e1n los ganadores de cada zona, mientras que el segundo ser\u00e1 para el vencedor del Reducido.<\/p>\n\n\n\n<p><strong>Habr\u00e1n cuatro descensos:<\/strong>&nbsp;la gran diferencia con respecto a la \u00faltima temporada radica en la cantidad de equipos que pierden la categor\u00eda, ya que ser\u00e1n cuatro en vez de tres.<\/p>\n\n\n\n<p>El a\u00f1o pasado descendi\u00f3 el \u00faltimo de cada zona y el perdedor de la Promoci\u00f3n, en la que se enfrentaron los pen\u00faltimos.<\/p>\n\n\n\n<p>Esta temporada, en cambio, perder\u00e1n la categor\u00eda los dos peores de cada zona.<\/p>\n\n\n\n<h4 class=\"wp-block-heading\">As\u00ed est\u00e1 compuesta cada zona de la Primera Nacional<\/h4>\n\n\n\n<p><em><strong>Zona A<\/strong><\/em><\/p>\n\n\n\n<ul class=\"wp-block-list\">\n<li>All Boys<\/li>\n\n\n\n<li>Almagro<\/li>\n\n\n\n<li>Alvarado<\/li>\n\n\n\n<li>Arsenal<\/li>\n\n\n\n<li>Atlanta<\/li>\n\n\n\n<li>Colegiales<\/li>\n\n\n\n<li>Deportivo Madryn<\/li>\n\n\n\n<li>Deportivo Maip\u00fa<\/li>\n\n\n\n<li>Ferro<\/li>\n\n\n\n<li>Gimnasia y Tiro<\/li>\n\n\n\n<li>G\u00fcemes (SdE)<\/li>\n\n\n\n<li>Los Andes<\/li>\n\n\n\n<li>Patronato<\/li>\n\n\n\n<li>Quilmes<\/li>\n\n\n\n<li>Racing (Cba)<\/li>\n\n\n\n<li>San Mart\u00edn de Tucum\u00e1n<\/li>\n\n\n\n<li>San Miguel<\/li>\n\n\n\n<li>Trist\u00e1n Su\u00e1rez<\/li>\n<\/ul>\n\n\n\n<p><em><strong>Zona B<\/strong><\/em><\/p>\n\n\n\n<ul class=\"wp-block-list\">\n<li>Agropecuario<\/li>\n\n\n\n<li>Almirante Brown<\/li>\n\n\n\n<li>Central Norte<\/li>\n\n\n\n<li>Chacarita<\/li>\n\n\n\n<li>Chaco For Ever<\/li>\n\n\n\n<li>Col\u00f3n<\/li>\n\n\n\n<li>Defensores de Belgrano<\/li>\n\n\n\n<li>Defensores Unidos<\/li>\n\n\n\n<li>Gimnasia y Esgrima de Jujuy<\/li>\n\n\n\n<li>Gimnasia de Mendoza<\/li>\n\n\n\n<li>Mitre (SdE)<\/li>\n\n\n\n<li>Nueva Chicago<\/li>\n\n\n\n<li>Talleres (RdE)<\/li>\n\n\n\n<li>Temperley<\/li>\n\n\n\n<li>San Telmo<\/li>\n<\/ul>\n","protected":false},"excerpt":{"rendered":"<p>Este jueves comenzar\u00e1 a rodar la pelota en la segunda divisi\u00f3n del f\u00fatbol argentino con el partido entre Col\u00f3n y Temperley. La nueva temporada de la\u00a0Primera Nacional\u00a0comenzar\u00e1 este jueves, cuando\u00a0Col\u00f3n\u00a0reciba&hellip; <\/p>\n","protected":false},"author":4,"featured_media":188961,"comment_status":"closed","ping_status":"open","sticky":false,"template":"","format":"standard","meta":{"footnotes":""},"categories":[1],"tags":[],"class_list":["post-188960","post","type-post","status-publish","format-standard","has-post-thumbnail","hentry","category-informacion-general"],"_links":{"self":[{"href":"https:\/\/corrientesdetarde.com\/index.php\/wp-json\/wp\/v2\/posts\/188960","targetHints":{"allow":["GET"]}}],"collection":[{"href":"https:\/\/corrientesdetarde.com\/index.php\/wp-json\/wp\/v2\/posts"}],"about":[{"href":"https:\/\/corrientesdetarde.com\/index.php\/wp-json\/wp\/v2\/types\/post"}],"author":[{"embeddable":true,"href":"https:\/\/corrientesdetarde.com\/index.php\/wp-json\/wp\/v2\/users\/4"}],"replies":[{"embeddable":true,"href":"https:\/\/corrientesdetarde.com\/index.php\/wp-json\/wp\/v2\/comments?post=188960"}],"version-history":[{"count":2,"href":"https:\/\/corrientesdetarde.com\/index.php\/wp-json\/wp\/v2\/posts\/188960\/revisions"}],"predecessor-version":[{"id":188963,"href":"https:\/\/corrientesdetarde.com\/index.php\/wp-json\/wp\/v2\/posts\/188960\/revisions\/188963"}],"wp:featuredmedia":[{"embeddable":true,"href":"https:\/\/corrientesdetarde.com\/index.php\/wp-json\/wp\/v2\/media\/188961"}],"wp:attachment":[{"href":"https:\/\/corrientesdetarde.com\/index.php\/wp-json\/wp\/v2\/media?parent=188960"}],"wp:term":[{"taxonomy":"category","embeddable":true,"href":"https:\/\/corrientesdetarde.com\/index.php\/wp-json\/wp\/v2\/categories?post=188960"},{"taxonomy":"post_tag","embeddable":true,"href":"https:\/\/corrientesdetarde.com\/index.php\/wp-json\/wp\/v2\/tags?post=188960"}],"curies":[{"name":"wp","href":"https:\/\/api.w.org\/{rel}","templated":true}]}}