{"id":189004,"date":"2025-02-06T13:43:48","date_gmt":"2025-02-06T16:43:48","guid":{"rendered":"https:\/\/corrientesdetarde.com\/?p=189004"},"modified":"2025-02-06T13:43:53","modified_gmt":"2025-02-06T16:43:53","slug":"el-fmi-dijo-que-avanzan-las-negociaciones-con-la-argentina-y-que-discuten-medidas-fiscales-y-cambiarias","status":"publish","type":"post","link":"https:\/\/corrientesdetarde.com\/index.php\/economia\/el-fmi-dijo-que-avanzan-las-negociaciones-con-la-argentina-y-que-discuten-medidas-fiscales-y-cambiarias\/","title":{"rendered":"El FMI dijo que avanzan las negociaciones con la Argentina y que discuten medidas fiscales y cambiarias"},"content":{"rendered":"\n<p>La vocera del organismo celebr\u00f3 los progresos en la baja de la inflaci\u00f3n y la estabilizaci\u00f3n de la econom\u00eda. Tambi\u00e9n asegur\u00f3 que las discusiones con el Gobierno son constructivas.<\/p>\n\n\n\n<p>En plena negociaci\u00f3n de un nuevo programa con el Gobierno argentino,\u00a0<strong>el\u00a0FMI\u00a0celebr\u00f3 los primeros progresos<\/strong>\u00a0del plan econ\u00f3mico de\u00a0<strong>Javier Milei<\/strong>\u00a0y dijo que para mantener esos resultados es necesario avanzar con m\u00e1s medidas fiscales, monetarias y cambiarias.<\/p>\n\n\n\n<p>As\u00ed lo indic\u00f3 la portavoz del FMI,&nbsp;<strong>Julie Kozack<\/strong>, en su primera conferencia de prensa de 2025. La funcionaria asegur\u00f3 que el staff del organismo sigue comprometido en las&nbsp;<strong>discusiones con la Argentina sobre un nuevo programa<\/strong>. De hecho, record\u00f3 que una misi\u00f3n de la entidad estuvo en Buenos Aires hace pocos d\u00edas y asegur\u00f3 que hubo progresos en la negociaci\u00f3n.<\/p>\n\n\n\n<p>A la vez, indic\u00f3 que tanto el Gobierno con la entidad multilateral coinciden en algunos de los pr\u00f3ximos pasos. \u201cPara mantener los primeros progresos, hay una visi\u00f3n compartida entre las autoridades argentinas y el FMI sobre la necesidad de seguir adoptando<strong>&nbsp;un conjunto consistente de medidas fiscales, monetarias y cambiarias<\/strong>, mientras se promueven reformas que fomenten el crecimiento&#8221;, afirm\u00f3.<\/p>\n\n\n\n<figure class=\"wp-block-image\"><img decoding=\"async\" src=\"https:\/\/tn.com.ar\/resizer\/v2\/luis-caputo-junto-con-la-jefa-del-fmi-kristalina-georgieva-foto-x-luiscaputoar-VRXNHBNXAFAXVOPHMTHOKQJXR4.jpg?auth=eead38c2e11382c0c2cf68ee59b1a06e3ed1570ce89be8d26ee787dc59109097&amp;width=767\" alt=\"Luis Caputo junto con la jefa del FMI, Kristalina Georgieva. (Foto: X \/ @Luiscaputoar)\"\/><\/figure>\n\n\n\n<p>\u201cEl nuevo programa buscar\u00e1&nbsp;<strong>construir sobre los progresos que ya se han logrado<\/strong>, al mismo tiempo que aborde los desaf\u00edos que el pa\u00eds todav\u00eda enfrenta. Las discusiones frecuentes y constructivas contin\u00faan y daremos m\u00e1s informaci\u00f3n cuando los tengamos\u201d, dijo Kozack.<\/p>\n\n\n\n<p>Sobre esos primeros resultados que el Gobierno puede mostrar, la portavoz subray\u00f3: \u201cComo resalt\u00f3 la directora gerenta, Kristalina Georgieva, despu\u00e9s de su reuni\u00f3n con el presidente Milei el mes pasado,&nbsp;<strong>reconocemos el tremendo progreso de la Argentina<\/strong>&nbsp;en reducir la&nbsp;<strong>inflaci\u00f3n<\/strong>, estabilizar la econom\u00eda y volver a crecer, con<strong>&nbsp;la pobreza finalmente empezando a descender<\/strong>\u201d.<\/p>\n\n\n\n<p>Este mi\u00e9rcoles, en una entrevista televisiva,&nbsp;<strong>Luis Caputo<\/strong>&nbsp;indic\u00f3 que el acuerdo con el FMI&nbsp;<strong>no llevar\u00e1 a una devaluaci\u00f3n ni significar\u00e1 una salida autom\u00e1tica del cepo<\/strong>&nbsp;cambiario. Consultada espec\u00edficamente sobre la pol\u00edtica con respecto al&nbsp;<strong>d\u00f3lar<\/strong>, Kozack prefiri\u00f3 no dar detalles.<\/p>\n\n\n\n<p>\u201cDado que&nbsp;<strong>las discusiones contin\u00faan<\/strong>&nbsp;y que hubo progresos hasta ahora, queremos que haya espacio para las autoridades y el staff para seguir con las discusiones constructivas. Comunicaremos m\u00e1s cuando haya m\u00e1s detalles\u201d, sostuvo.<\/p>\n","protected":false},"excerpt":{"rendered":"<p>La vocera del organismo celebr\u00f3 los progresos en la baja de la inflaci\u00f3n y la estabilizaci\u00f3n de la econom\u00eda. Tambi\u00e9n asegur\u00f3 que las discusiones con el Gobierno son constructivas. En&hellip; <\/p>\n","protected":false},"author":8,"featured_media":189005,"comment_status":"closed","ping_status":"open","sticky":false,"template":"","format":"standard","meta":{"footnotes":""},"categories":[20],"tags":[],"class_list":["post-189004","post","type-post","status-publish","format-standard","has-post-thumbnail","hentry","category-economia"],"_links":{"self":[{"href":"https:\/\/corrientesdetarde.com\/index.php\/wp-json\/wp\/v2\/posts\/189004","targetHints":{"allow":["GET"]}}],"collection":[{"href":"https:\/\/corrientesdetarde.com\/index.php\/wp-json\/wp\/v2\/posts"}],"about":[{"href":"https:\/\/corrientesdetarde.com\/index.php\/wp-json\/wp\/v2\/types\/post"}],"author":[{"embeddable":true,"href":"https:\/\/corrientesdetarde.com\/index.php\/wp-json\/wp\/v2\/users\/8"}],"replies":[{"embeddable":true,"href":"https:\/\/corrientesdetarde.com\/index.php\/wp-json\/wp\/v2\/comments?post=189004"}],"version-history":[{"count":1,"href":"https:\/\/corrientesdetarde.com\/index.php\/wp-json\/wp\/v2\/posts\/189004\/revisions"}],"predecessor-version":[{"id":189006,"href":"https:\/\/corrientesdetarde.com\/index.php\/wp-json\/wp\/v2\/posts\/189004\/revisions\/189006"}],"wp:featuredmedia":[{"embeddable":true,"href":"https:\/\/corrientesdetarde.com\/index.php\/wp-json\/wp\/v2\/media\/189005"}],"wp:attachment":[{"href":"https:\/\/corrientesdetarde.com\/index.php\/wp-json\/wp\/v2\/media?parent=189004"}],"wp:term":[{"taxonomy":"category","embeddable":true,"href":"https:\/\/corrientesdetarde.com\/index.php\/wp-json\/wp\/v2\/categories?post=189004"},{"taxonomy":"post_tag","embeddable":true,"href":"https:\/\/corrientesdetarde.com\/index.php\/wp-json\/wp\/v2\/tags?post=189004"}],"curies":[{"name":"wp","href":"https:\/\/api.w.org\/{rel}","templated":true}]}}