{"id":189007,"date":"2025-02-06T13:46:44","date_gmt":"2025-02-06T16:46:44","guid":{"rendered":"https:\/\/corrientesdetarde.com\/?p=189007"},"modified":"2025-02-06T13:46:56","modified_gmt":"2025-02-06T16:46:56","slug":"los-duenos-del-inter-miami-llegaron-al-pais-para-reunirse-con-milei-analizan-invertir-en-el-futbol-argentino","status":"publish","type":"post","link":"https:\/\/corrientesdetarde.com\/index.php\/deportes\/los-duenos-del-inter-miami-llegaron-al-pais-para-reunirse-con-milei-analizan-invertir-en-el-futbol-argentino\/","title":{"rendered":"Los due\u00f1os del Inter Miami llegaron al pa\u00eds para reunirse con Milei: analizan invertir en el f\u00fatbol argentino"},"content":{"rendered":"\n<p>Los hermanos millonarios Jorge y Jos\u00e9 Mas, m\u00e1ximos propietarios de la franquicia donde juega Lionel Messi, ya se encuentran en la Argentina. Ver\u00e1n al Presidente de la Naci\u00f3n en Casa Rosada.<\/p>\n\n\n\n<p><strong>Jorge y Jos\u00e9 Mas<\/strong>, due\u00f1os del<strong>\u00a0Inter Miami<\/strong>, llegaron este jueves al pa\u00eds para\u00a0<strong>reunirse con el Presidente de la Naci\u00f3n,\u00a0Javier Milei<\/strong>. Seg\u00fan le confirmaron al periodista de<strong>\u00a0<\/strong>Gustavo Baabour, los hermanos millonarios que encabezan la franquicia donde juega<strong>\u00a0Lionel Messi<\/strong>\u00a0analizan la posibilidad de<strong>\u00a0invertir en el f\u00fatbol argentino<\/strong>.<\/p>\n\n\n\n<p>La primera intenci\u00f3n de los hermanos Mas es\u00a0<strong>evaluar el terreno<\/strong>\u00a0y saber cu\u00e1les son las condiciones para comenzar con una serie de inversiones. Se trata de un movimiento inicial para generar conexiones con clubes del f\u00fatbol argentino, algo similar a lo que hace el empresario\u00a0<strong>Foster Gillett en Estudiantes<\/strong>.<\/p>\n\n\n\n<p>Esta reuni\u00f3n, que ser\u00e1 en Casa Rosada y con\u00a0<strong>Guillermo Tofoni<\/strong>\u00a0como nexo, ocurre en medio de la pol\u00e9mica entre el\u00a0<strong>Gobierno y la AFA<\/strong>\u00a0por las\u00a0<strong>Sociedades An\u00f3nimas Deportivas (SAD)<\/strong>. De todos modos, la idea inicial de los hermanos Mas es la de\u00a0<strong>generar una sociedad mixta<\/strong>, con aportes privados pero respetando la estructura de los clubes.<\/p>\n\n\n\n<figure class=\"wp-block-image\"><img decoding=\"async\" src=\"https:\/\/tn.com.ar\/resizer\/v2\/jorge-mas-uno-de-los-duenos-del-inter-miami-foto-reuters-QJPSZFQK7VMA4C25Y3RJQ3NJYA.jpg?auth=e261f5465f9be3597b5be09617c2f7ec7a38a34362b244aefd5c39b9b9b0a603&amp;width=767\" alt=\"Jorge Mas, uno de los due\u00f1os del Inter Miami (Foto: Reuters).\"\/><\/figure>\n\n\n\n<h2 class=\"wp-block-heading\">Qui\u00e9nes son Jorge y Jos\u00e9 Mas, due\u00f1os del Inter Miami<\/h2>\n\n\n\n<p><strong>Jorge y Jos\u00e9 Mas son hermanos megamillonarios&nbsp;<\/strong>due\u00f1os de la franquicia y herederos de la fortuna que hizo Jorge Mas Canosa, su padre, un verdadero&nbsp;<em>American Dreamer<\/em>.<\/p>\n\n\n\n<p>Jorge naci\u00f3 en 1963 y Jos\u00e9 en 1965, ambos en Miami. Hijos de Jorge Mas Canosa e Inma Santos Espronceda, opositores del r\u00e9gimen de Fidel Castro que se exiliaron en Florida y, con el paso de los a\u00f1os,<strong>&nbsp;consiguieron crear una red de empresas familiares y la Fundaci\u00f3n Nacional Cubano-Americana.<\/strong><\/p>\n\n\n\n<p>Jorge es el presidente de la junta de empresas y exdirector general de MasTec, con sede en Coral Gables. Su hermano, Jos\u00e9, es el actual director ejecutivo y la firma es&nbsp;<strong>la segunda empresa de propiedad hispana m\u00e1s grande de los Estados Unidos.<\/strong><\/p>\n\n\n\n<figure class=\"wp-block-image\"><img decoding=\"async\" src=\"https:\/\/tn.com.ar\/resizer\/v2\/jorge-mas-uno-de-los-dueno-del-inter-de-miami-franquicia-de-la-mls-michael-reaves-afp-AYIKJF7NKZC7TKLXF3A4FH7WUM.jfif?auth=9ed0c7a2c2cdbdcba8a32876b36c6334114f637a03ef1fd1f019c6a8666aab5a&amp;width=767\" alt=\"Jorge Mas, uno de los due\u00f1o del Inter de Miami, franquicia de la MLS (Michael Reaves, AFP).\"\/><\/figure>\n\n\n\n<p>Adem\u00e1s de empresario multimillonario y presidente y mayor accionista de MasTec, Jorge Mas es presidente de la Fundaci\u00f3n Nacional Cubano Americana y propietario gerente de Inter Miami CF, y&nbsp;<strong>presidente del club de f\u00fatbol espa\u00f1ol Real Zaragoza.<\/strong><\/p>\n","protected":false},"excerpt":{"rendered":"<p>Los hermanos millonarios Jorge y Jos\u00e9 Mas, m\u00e1ximos propietarios de la franquicia donde juega Lionel Messi, ya se encuentran en la Argentina. Ver\u00e1n al Presidente de la Naci\u00f3n en Casa&hellip; <\/p>\n","protected":false},"author":8,"featured_media":189008,"comment_status":"closed","ping_status":"open","sticky":false,"template":"","format":"standard","meta":{"footnotes":""},"categories":[4],"tags":[],"class_list":["post-189007","post","type-post","status-publish","format-standard","has-post-thumbnail","hentry","category-deportes"],"_links":{"self":[{"href":"https:\/\/corrientesdetarde.com\/index.php\/wp-json\/wp\/v2\/posts\/189007","targetHints":{"allow":["GET"]}}],"collection":[{"href":"https:\/\/corrientesdetarde.com\/index.php\/wp-json\/wp\/v2\/posts"}],"about":[{"href":"https:\/\/corrientesdetarde.com\/index.php\/wp-json\/wp\/v2\/types\/post"}],"author":[{"embeddable":true,"href":"https:\/\/corrientesdetarde.com\/index.php\/wp-json\/wp\/v2\/users\/8"}],"replies":[{"embeddable":true,"href":"https:\/\/corrientesdetarde.com\/index.php\/wp-json\/wp\/v2\/comments?post=189007"}],"version-history":[{"count":1,"href":"https:\/\/corrientesdetarde.com\/index.php\/wp-json\/wp\/v2\/posts\/189007\/revisions"}],"predecessor-version":[{"id":189009,"href":"https:\/\/corrientesdetarde.com\/index.php\/wp-json\/wp\/v2\/posts\/189007\/revisions\/189009"}],"wp:featuredmedia":[{"embeddable":true,"href":"https:\/\/corrientesdetarde.com\/index.php\/wp-json\/wp\/v2\/media\/189008"}],"wp:attachment":[{"href":"https:\/\/corrientesdetarde.com\/index.php\/wp-json\/wp\/v2\/media?parent=189007"}],"wp:term":[{"taxonomy":"category","embeddable":true,"href":"https:\/\/corrientesdetarde.com\/index.php\/wp-json\/wp\/v2\/categories?post=189007"},{"taxonomy":"post_tag","embeddable":true,"href":"https:\/\/corrientesdetarde.com\/index.php\/wp-json\/wp\/v2\/tags?post=189007"}],"curies":[{"name":"wp","href":"https:\/\/api.w.org\/{rel}","templated":true}]}}