{"id":189010,"date":"2025-02-06T13:50:34","date_gmt":"2025-02-06T16:50:34","guid":{"rendered":"https:\/\/corrientesdetarde.com\/?p=189010"},"modified":"2025-02-06T13:50:40","modified_gmt":"2025-02-06T16:50:40","slug":"iniciaron-las-capacitaciones-2025-del-programa-nande-huerta","status":"publish","type":"post","link":"https:\/\/corrientesdetarde.com\/index.php\/sociales\/iniciaron-las-capacitaciones-2025-del-programa-nande-huerta\/","title":{"rendered":"Iniciaron las capacitaciones 2025 del programa \u00d1ande Huerta"},"content":{"rendered":"\n<p><em>El primer taller del a\u00f1o se cumpli\u00f3 este jueves en uno de los salones de Pasaje Villanueva 1460. El otro tendr\u00e1 lugar el pr\u00f3ximo 13 de febrero. Est\u00e1n abiertas las inscripciones.<\/em><\/p>\n\n\n\n<p>En el marco del programa \u00d1ande Huerta que lleva adelante la secretar\u00eda de Desarrollo Econ\u00f3mico, a trav\u00e9s de la subsecretar\u00eda de Econom\u00eda Social, la Municipalidad de Corrientes inici\u00f3 este jueves el ciclo de capacitaciones 2025 que promueven la agricultura familiar.<br><br>Vanesa Mierke, directora de Agricultura Periurbana del municipio, manifest\u00f3 que \u201cestamos dando inicio a las capacitaciones para preparar la temporada oto\u00f1o-invierno de este a\u00f1o. Tratamos de anticiparnos para darles a los participantes el tiempo necesario para poder trabajar en sus huertas\u201d.<br><br>La funcionaria indic\u00f3 que \u201clas capacitaciones est\u00e1n divididas en dos etapas. En este primer taller estamos dando todo lo que es la parte del cuidado y la sanidad de la planta, y en la segunda parte nos referiremos acerca de la organizaci\u00f3n y planificaci\u00f3n de la huerta agroecol\u00f3gica, que es con la que trabajamos, ya que fomentamos la sustentabilidad y el cuidado del ambiente\u201d.<br><br>En la oportunidad, profesionales del \u00e1rea instruyeron a los asistentes al primer taller, que se llev\u00f3 adelante en uno de los salones ubicado por Pasaje Villanueva 1460, y que se denomin\u00f3 \u201cIdentificaci\u00f3n y control de plagas y enfermedades en la huerta agroecol\u00f3gica\u201d.<br><br>La segunda capacitaci\u00f3n se cumplir\u00e1 el 13 de febrero. El tema a tratar ser\u00e1: \u201cOrganizaci\u00f3n y planificaci\u00f3n de la huerta agroecol\u00f3gica en la temporada oto\u00f1o-invierno. Las inscripciones para la misma se encuentran abiertas y pueden realizarse rellenando el formulario que se encuentra en el link:&nbsp;<a href=\"https:\/\/ciudaddecorrientes.us12.list-manage.com\/track\/click?u=253e4bcff71216c6af771c3c9&amp;id=42c9fcb9f5&amp;e=17643edfa8\" target=\"_blank\" rel=\"noreferrer noopener\">bit.ly\/\u00f1andehuerta<\/a>, pudiendo requerir mayores informes al n\u00famero de whatsapp 3794-265965.<br><br>EL PROGRAMA<br><br>Mierke indic\u00f3 que \u201cel programa \u00d1ande est\u00e1 enmarcado en el \u00e1mbito de la Secretar\u00eda de Desarrollo Econ\u00f3mico de la ciudad, y como toda la l\u00ednea de gesti\u00f3n estamos abocados a, en nuestro caso, la producci\u00f3n sustentable y sostenible\u201d.<br><br>En tal sentido se\u00f1al\u00f3 que durante el a\u00f1o \u201cse trabaja en capacitaciones directas para el p\u00fablico interesado, que son generalmente familias que buscan tener su propia huerta domiciliaria. Tambi\u00e9n lo hacemos con las escuelas en el marco del programa \u00d1ande Huerta Escolar, donde se capacita a los docentes para que puedan trabajar con los alumnos en huertas institucionales; y tambi\u00e9n tenemos programas de colaboraci\u00f3n con instituciones o fundaciones\u201d.<br><br>\u201cTambi\u00e9n tenemos ingenieros agr\u00edcolas, en terreno, haciendo asistencia t\u00e9cnica dentro del programa, con capacitaciones y asistencia t\u00e9cnica para los productores periurbanos, que son los que participantes de las ferias de la ciudad\u201d, agreg\u00f3.<br><br>Para finalizar, Mierke manifest\u00f3 que \u201cse realizan permanentemente capacitaciones de mejoras o tecnolog\u00edas, y tambi\u00e9n tenemos asistencia t\u00e9cnica para el \u00e1rea de los productores, a trav\u00e9s del recorrido de las instalaciones y el asesoramiento gratuito desde el municipio\u201d.<br><em><a href=\"https:\/\/ciudaddecorrientes.us12.list-manage.com\/track\/click?u=253e4bcff71216c6af771c3c9&amp;id=16a7d1cdb2&amp;e=17643edfa8\" target=\"_blank\" rel=\"noreferrer noopener\">Nota de TV:<\/a>&nbsp;Guadalupe Vanesa Mierke, directora de Agricultura Periurbana municipal<\/em><\/p>\n\n\n\n<figure class=\"wp-block-image size-large\"><img loading=\"lazy\" decoding=\"async\" width=\"1024\" height=\"682\" src=\"https:\/\/corrientesdetarde.com\/wp-content\/uploads\/2025\/02\/image-198-1024x682.png\" alt=\"\" class=\"wp-image-189011\" srcset=\"https:\/\/corrientesdetarde.com\/wp-content\/uploads\/2025\/02\/image-198-1024x682.png 1024w, https:\/\/corrientesdetarde.com\/wp-content\/uploads\/2025\/02\/image-198-300x200.png 300w, https:\/\/corrientesdetarde.com\/wp-content\/uploads\/2025\/02\/image-198-768x512.png 768w, https:\/\/corrientesdetarde.com\/wp-content\/uploads\/2025\/02\/image-198-1536x1024.png 1536w, https:\/\/corrientesdetarde.com\/wp-content\/uploads\/2025\/02\/image-198-2048x1365.png 2048w\" sizes=\"auto, (max-width: 1024px) 100vw, 1024px\" \/><\/figure>\n\n\n\n<figure class=\"wp-block-image size-large\"><img loading=\"lazy\" decoding=\"async\" width=\"1024\" height=\"682\" src=\"https:\/\/corrientesdetarde.com\/wp-content\/uploads\/2025\/02\/image-199-1024x682.png\" alt=\"\" class=\"wp-image-189012\" srcset=\"https:\/\/corrientesdetarde.com\/wp-content\/uploads\/2025\/02\/image-199-1024x682.png 1024w, https:\/\/corrientesdetarde.com\/wp-content\/uploads\/2025\/02\/image-199-300x200.png 300w, https:\/\/corrientesdetarde.com\/wp-content\/uploads\/2025\/02\/image-199-768x512.png 768w, https:\/\/corrientesdetarde.com\/wp-content\/uploads\/2025\/02\/image-199-1536x1024.png 1536w, https:\/\/corrientesdetarde.com\/wp-content\/uploads\/2025\/02\/image-199-2048x1365.png 2048w\" sizes=\"auto, (max-width: 1024px) 100vw, 1024px\" \/><\/figure>\n\n\n\n<figure class=\"wp-block-image size-large\"><img loading=\"lazy\" decoding=\"async\" width=\"1024\" height=\"682\" src=\"https:\/\/corrientesdetarde.com\/wp-content\/uploads\/2025\/02\/image-201-1024x682.png\" alt=\"\" class=\"wp-image-189014\" srcset=\"https:\/\/corrientesdetarde.com\/wp-content\/uploads\/2025\/02\/image-201-1024x682.png 1024w, https:\/\/corrientesdetarde.com\/wp-content\/uploads\/2025\/02\/image-201-300x200.png 300w, https:\/\/corrientesdetarde.com\/wp-content\/uploads\/2025\/02\/image-201-768x512.png 768w, https:\/\/corrientesdetarde.com\/wp-content\/uploads\/2025\/02\/image-201-1536x1024.png 1536w, https:\/\/corrientesdetarde.com\/wp-content\/uploads\/2025\/02\/image-201-2048x1365.png 2048w\" sizes=\"auto, (max-width: 1024px) 100vw, 1024px\" \/><\/figure>\n\n\n\n<figure class=\"wp-block-image size-large\"><img loading=\"lazy\" decoding=\"async\" width=\"1024\" height=\"682\" src=\"https:\/\/corrientesdetarde.com\/wp-content\/uploads\/2025\/02\/image-202-1024x682.png\" alt=\"\" class=\"wp-image-189015\" srcset=\"https:\/\/corrientesdetarde.com\/wp-content\/uploads\/2025\/02\/image-202-1024x682.png 1024w, https:\/\/corrientesdetarde.com\/wp-content\/uploads\/2025\/02\/image-202-300x200.png 300w, https:\/\/corrientesdetarde.com\/wp-content\/uploads\/2025\/02\/image-202-768x512.png 768w, https:\/\/corrientesdetarde.com\/wp-content\/uploads\/2025\/02\/image-202-1536x1024.png 1536w, https:\/\/corrientesdetarde.com\/wp-content\/uploads\/2025\/02\/image-202-2048x1365.png 2048w\" sizes=\"auto, (max-width: 1024px) 100vw, 1024px\" \/><\/figure>\n\n\n\n<figure class=\"wp-block-image size-large\"><img loading=\"lazy\" decoding=\"async\" width=\"1024\" height=\"682\" src=\"https:\/\/corrientesdetarde.com\/wp-content\/uploads\/2025\/02\/image-203-1024x682.png\" alt=\"\" class=\"wp-image-189016\" srcset=\"https:\/\/corrientesdetarde.com\/wp-content\/uploads\/2025\/02\/image-203-1024x682.png 1024w, https:\/\/corrientesdetarde.com\/wp-content\/uploads\/2025\/02\/image-203-300x200.png 300w, https:\/\/corrientesdetarde.com\/wp-content\/uploads\/2025\/02\/image-203-768x512.png 768w, https:\/\/corrientesdetarde.com\/wp-content\/uploads\/2025\/02\/image-203-1536x1024.png 1536w, https:\/\/corrientesdetarde.com\/wp-content\/uploads\/2025\/02\/image-203-2048x1365.png 2048w\" sizes=\"auto, (max-width: 1024px) 100vw, 1024px\" \/><\/figure>\n","protected":false},"excerpt":{"rendered":"<p>El primer taller del a\u00f1o se cumpli\u00f3 este jueves en uno de los salones de Pasaje Villanueva 1460. El otro tendr\u00e1 lugar el pr\u00f3ximo 13 de febrero. Est\u00e1n abiertas las&hellip; <\/p>\n","protected":false},"author":8,"featured_media":189013,"comment_status":"closed","ping_status":"open","sticky":false,"template":"","format":"standard","meta":{"footnotes":""},"categories":[17],"tags":[],"class_list":["post-189010","post","type-post","status-publish","format-standard","has-post-thumbnail","hentry","category-sociales"],"_links":{"self":[{"href":"https:\/\/corrientesdetarde.com\/index.php\/wp-json\/wp\/v2\/posts\/189010","targetHints":{"allow":["GET"]}}],"collection":[{"href":"https:\/\/corrientesdetarde.com\/index.php\/wp-json\/wp\/v2\/posts"}],"about":[{"href":"https:\/\/corrientesdetarde.com\/index.php\/wp-json\/wp\/v2\/types\/post"}],"author":[{"embeddable":true,"href":"https:\/\/corrientesdetarde.com\/index.php\/wp-json\/wp\/v2\/users\/8"}],"replies":[{"embeddable":true,"href":"https:\/\/corrientesdetarde.com\/index.php\/wp-json\/wp\/v2\/comments?post=189010"}],"version-history":[{"count":1,"href":"https:\/\/corrientesdetarde.com\/index.php\/wp-json\/wp\/v2\/posts\/189010\/revisions"}],"predecessor-version":[{"id":189017,"href":"https:\/\/corrientesdetarde.com\/index.php\/wp-json\/wp\/v2\/posts\/189010\/revisions\/189017"}],"wp:featuredmedia":[{"embeddable":true,"href":"https:\/\/corrientesdetarde.com\/index.php\/wp-json\/wp\/v2\/media\/189013"}],"wp:attachment":[{"href":"https:\/\/corrientesdetarde.com\/index.php\/wp-json\/wp\/v2\/media?parent=189010"}],"wp:term":[{"taxonomy":"category","embeddable":true,"href":"https:\/\/corrientesdetarde.com\/index.php\/wp-json\/wp\/v2\/categories?post=189010"},{"taxonomy":"post_tag","embeddable":true,"href":"https:\/\/corrientesdetarde.com\/index.php\/wp-json\/wp\/v2\/tags?post=189010"}],"curies":[{"name":"wp","href":"https:\/\/api.w.org\/{rel}","templated":true}]}}