{"id":189021,"date":"2025-02-06T13:56:39","date_gmt":"2025-02-06T16:56:39","guid":{"rendered":"https:\/\/corrientesdetarde.com\/?p=189021"},"modified":"2025-02-06T13:56:51","modified_gmt":"2025-02-06T16:56:51","slug":"el-gobierno-porteno-presentara-un-proyecto-para-endurecer-las-penas-contra-los-cuidacoches","status":"publish","type":"post","link":"https:\/\/corrientesdetarde.com\/index.php\/politica\/el-gobierno-porteno-presentara-un-proyecto-para-endurecer-las-penas-contra-los-cuidacoches\/","title":{"rendered":"El gobierno porte\u00f1o presentar\u00e1 un proyecto para endurecer las penas contra los cuidacoches"},"content":{"rendered":"\n<p>El ministro de Seguridad porte\u00f1o, Waldo Wolff, dijo que trabajan para presentar la iniciativa en marzo. El funcionario pidi\u00f3 que a nivel nacional avance el proyecto de reiterancia delictiva.<\/p>\n\n\n\n<p>Desde el gobierno porte\u00f1o adelantaron que presentar\u00e1n un proyecto en la Legislatura para que los trapitos que sean detenidos<strong>\u00a0queden presos.<\/strong>\u00a0La iniciativa del PRO tiene lugar luego de casos de violencia como el del\u00a0<strong>m\u00e9dico golpeado brutalmente en Flores<\/strong>\u00a0por no pagarles a cuidacoches.<\/p>\n\n\n\n<p>El ministro de Seguridad porte\u00f1o,\u00a0<strong>Waldo Wolff<\/strong>, dijo que impulsan una propuesta, con el jefe de gobierno porte\u00f1o,\u00a0<strong>Jorge Macri,<\/strong>\u00a0\u201cpara que los trapitos queden presos\u201d, y que trabajan para presentarla en marzo.<\/p>\n\n\n\n<p>Wolff adem\u00e1s le hizo fuertes reclamos al Congreso: \u201cEsto con reincidencia se termina, nosotros iniciamos el camino legislativo pero esto lleva tiempo. Pedimos que reincidencia se trate a nivel nacional, porque tenemos transferidos solo el<strong>&nbsp;20%<\/strong>&nbsp;de los delitos penales, robo y hurtos son delitos nacionales\u201d.<\/p>\n\n\n\n<p>El ministro de Seguridad porte\u00f1o explic\u00f3 en declaraciones a&nbsp;<em>Radio Mitre<\/em>&nbsp;y&nbsp;<em>La Red:<\/em>&nbsp;\u201cDurante enero la Polic\u00eda de la Ciudad detuvo 600 trapitos, durante enero hubo solamente 600 contravenciones. Nosotros lo detenemos y, con la herramienta jur\u00eddica que tiene el fiscal, lo tiene<strong>&nbsp;liberar,&nbsp;<\/strong>porque hoy la ley dice que es una&nbsp;<strong>contravenci\u00f3n&nbsp;<\/strong>con entre uno y dos d\u00edas de trabajo comunitario, con una pena de unidades fijas o retributivas que hoy ronda los $30.000, y que nunca se cobra\u201d.<\/p>\n\n\n\n<h2 class=\"wp-block-heading\">Habl\u00f3 el m\u00e9dico atacado por un grupo de trapitos en Flores: \u201cEs una locura vivir as\u00ed\u201d<\/h2>\n\n\n\n<figure class=\"wp-block-image\"><img decoding=\"async\" src=\"https:\/\/tn.com.ar\/resizer\/v2\/https%3A%2F%2Fthumbs.vodgc.net%2F1-14-zHDZ5J1738693537128-1738698472.jpg?auth=49731ad16960587a185563a631243242f520d911545a2457325a28080f41a201&amp;width=767\" alt=\"Video Placeholder\"\/><\/figure>\n\n\n\n<p><\/p>\n\n\n\n<p>El m\u00e9dico que fue brutalmente\u00a0<strong>atacado por un grupo de trapitos en Flores<\/strong> dijo que sigue \u201cconmocionado\u201d por la violenta agresi\u00f3n que sufri\u00f3 la semana pasada.<\/p>\n\n\n\n<p>El m\u00e9dico advirti\u00f3, en declaraciones a&nbsp;<em>Mediod\u00eda Noticias<\/em>,&nbsp;<em>por eltrece:<\/em>&nbsp;\u201cYo soy m\u00e9dico, estoy para ayudar a la gente, y estar implicado en una situaci\u00f3n en la que te ten\u00e9s que agarrar a trompadas para salvarte la vida, donde te lastiman o lastim\u00e1s a alguien,&nbsp;<strong>es una situaci\u00f3n terrible<\/strong>. Tengo miedo, es una locura vivir as\u00ed\u201d.<\/p>\n\n\n\n<p>La v\u00edctima cont\u00f3 que estacion\u00f3 su auto e inmediatamente el trapito le pidi\u00f3 plata, pero \u00e9l no ten\u00eda efectivo: \u201cSi no, le hubiera dado para que se fuera, aunque no corresponde,&nbsp;<strong>pero enseguida se puso muy agresivo\u201c.<\/strong><\/p>\n\n\n\n<p>El agresor le exig\u00eda $5000 y lo amenazaba: \u201cSi no, te rompo todo, te mato\u201d. El m\u00e9dico explic\u00f3 que se baj\u00f3 del auto y trat\u00f3 de calmarlo, y que tuvo que defenderse cuando el trapito se abalanz\u00f3 sobre \u00e9l con una tabla: \u201cIntent\u00e9 desarmarlo pero de todos modos, recib\u00ed un golpe en la cara.<strong>&nbsp;Tengo la boca y la pera lastimadas<\/strong>\u201c.<\/p>\n\n\n\n<h2 class=\"wp-block-heading\">La claves del proyecto de reincidencia, que apuesta a cerrar la \u201cpuerta giratoria\u201d<\/h2>\n\n\n\n<p>El proyecto de reincidencia, que envi\u00f3 el Gobierno y que apuesta a cerrar la \u201cpuerta giratoria\u201d judicial, para evitar liberaciones de detenidos a poco de ser arrestados, plantea cambios en el C\u00f3digo Penal:<\/p>\n\n\n\n<ul class=\"wp-block-list\">\n<li>\u201cSe considerar\u00e1\u00a0<strong>reincidente\u00a0<\/strong>a toda persona que haya sido\u00a0<strong>condenada\u00a0<\/strong>dos (2) o m\u00e1s veces a una pena privativa de libertad, siempre que la primera condena se encuentre<strong>\u00a0firme\u201d.<\/strong><\/li>\n\n\n\n<li>\u201cLa condena sufrida en el extranjero se tendr\u00e1 en cuenta para la reincidencia si ha sido pronunciada por raz\u00f3n de un delito que pueda, seg\u00fan la ley argentina, dar lugar a extradici\u00f3n\u201d.<\/li>\n\n\n\n<li>\u201cNo dar\u00e1 lugar a reincidencia la pena impuesta por delitos amnistiados o los cometidos por menores de dieciocho (18) a\u00f1os de edad\u201d.<\/li>\n\n\n\n<li>\u201cLa pena sufrida no se tendr\u00e1 en cuenta a los efectos de la reincidencia cuando, desde su cumplimiento, hubiera transcurrido un t\u00e9rmino igual a aquel por el que fuera impuesta, que nunca exceder\u00e1 de diez (10) a\u00f1os ni ser\u00e1 inferior a cinco (5) a\u00f1os\u201d.<\/li>\n<\/ul>\n","protected":false},"excerpt":{"rendered":"<p>El ministro de Seguridad porte\u00f1o, Waldo Wolff, dijo que trabajan para presentar la iniciativa en marzo. El funcionario pidi\u00f3 que a nivel nacional avance el proyecto de reiterancia delictiva. Desde&hellip; <\/p>\n","protected":false},"author":8,"featured_media":189022,"comment_status":"closed","ping_status":"open","sticky":false,"template":"","format":"standard","meta":{"footnotes":""},"categories":[3],"tags":[],"class_list":["post-189021","post","type-post","status-publish","format-standard","has-post-thumbnail","hentry","category-politica"],"_links":{"self":[{"href":"https:\/\/corrientesdetarde.com\/index.php\/wp-json\/wp\/v2\/posts\/189021","targetHints":{"allow":["GET"]}}],"collection":[{"href":"https:\/\/corrientesdetarde.com\/index.php\/wp-json\/wp\/v2\/posts"}],"about":[{"href":"https:\/\/corrientesdetarde.com\/index.php\/wp-json\/wp\/v2\/types\/post"}],"author":[{"embeddable":true,"href":"https:\/\/corrientesdetarde.com\/index.php\/wp-json\/wp\/v2\/users\/8"}],"replies":[{"embeddable":true,"href":"https:\/\/corrientesdetarde.com\/index.php\/wp-json\/wp\/v2\/comments?post=189021"}],"version-history":[{"count":1,"href":"https:\/\/corrientesdetarde.com\/index.php\/wp-json\/wp\/v2\/posts\/189021\/revisions"}],"predecessor-version":[{"id":189023,"href":"https:\/\/corrientesdetarde.com\/index.php\/wp-json\/wp\/v2\/posts\/189021\/revisions\/189023"}],"wp:featuredmedia":[{"embeddable":true,"href":"https:\/\/corrientesdetarde.com\/index.php\/wp-json\/wp\/v2\/media\/189022"}],"wp:attachment":[{"href":"https:\/\/corrientesdetarde.com\/index.php\/wp-json\/wp\/v2\/media?parent=189021"}],"wp:term":[{"taxonomy":"category","embeddable":true,"href":"https:\/\/corrientesdetarde.com\/index.php\/wp-json\/wp\/v2\/categories?post=189021"},{"taxonomy":"post_tag","embeddable":true,"href":"https:\/\/corrientesdetarde.com\/index.php\/wp-json\/wp\/v2\/tags?post=189021"}],"curies":[{"name":"wp","href":"https:\/\/api.w.org\/{rel}","templated":true}]}}