{"id":189024,"date":"2025-02-06T14:01:24","date_gmt":"2025-02-06T17:01:24","guid":{"rendered":"https:\/\/corrientesdetarde.com\/?p=189024"},"modified":"2025-02-06T14:01:36","modified_gmt":"2025-02-06T17:01:36","slug":"milei-analiza-denunciar-al-jefe-de-la-oms-por-delitos-de-lesa-humanidad-durante-la-pandemia","status":"publish","type":"post","link":"https:\/\/corrientesdetarde.com\/index.php\/nacionales\/milei-analiza-denunciar-al-jefe-de-la-oms-por-delitos-de-lesa-humanidad-durante-la-pandemia\/","title":{"rendered":"Milei analiza denunciar al jefe de la OMS por delitos de lesa humanidad durante la pandemia"},"content":{"rendered":"\n<p>El Presidente acus\u00f3 a Tedros Adhanom Ghebreyesus de haber promovido medidas que derivaron en esclavitud y actos inhumanos.<\/p>\n\n\n\n<p>El presidente\u00a0<strong>Javier Milei<\/strong>\u00a0analiza\u00a0<strong>denunciar\u00a0<\/strong>ante la Corte Penal Internacional (<strong>CPI<\/strong>) al director de la Organizaci\u00f3n Mundial de la Salud (<strong>OMS<\/strong>),\u00a0<strong>Tedros Adhanom Ghebreyesus<\/strong>, por\u00a0<strong>delitos de lesa humanidad<\/strong>\u00a0durante la gesti\u00f3n de la\u00a0<strong>pandemia de coronavirus<\/strong>.<\/p>\n\n\n\n<p>\u201cEs responsable de un\u00a0<strong>delito de lesa humanidad a gran escala<\/strong>\u00a0por lo que hizo durante la pandemia del Covid, seg\u00fan la definici\u00f3n del\u00a0<strong>Estatuto de Roma de 1998, art\u00edculo 7 de la Corte Penal Internacional<\/strong>\u201d, plante\u00f3 Milei, horas despu\u00e9s de que el Gobierno anunciara que <strong>Argentina se retira del organismo<\/strong>.<\/p>\n\n\n\n<p>Entrevistado por el medio franc\u00e9s&nbsp;<em>Le Point<\/em>, el primer mandatario asegur\u00f3 que \u201cmuchos de los organismos internacionales&nbsp;<strong>tendr\u00edan que ser eliminados<\/strong>\u201d y que festej\u00f3 \u201cfuertemente lo que hizo (Donald, el presidente de los Estados Unidos) Trump respecto a la&nbsp;<strong>organizaci\u00f3n criminal<\/strong>&nbsp;<strong>que es la OMS<\/strong>\u201d.<\/p>\n\n\n\n<p>\u201cEl delito de lesa humanidad&nbsp;<strong>no necesariamente tiene que ser un asesinato<\/strong>, de manera directa, porque si vos atac\u00e1s la libertad o atac\u00e1s la propiedad de un individuo a punto tal que vos no lo dejas que pueda vivir, o vos&nbsp;<strong>encerr\u00e1s a un individuo, ese individuo no puede generar ingresos<\/strong>. Entonces lo est\u00e1s matando. Si vos a un individuo no le permit\u00eds disponer de su propiedad, est\u00e1s generando un esclavo. Es lo que pas\u00f3 con las cuarentenas\u201d, justific\u00f3.<\/p>\n\n\n\n<figure class=\"wp-block-image\"><img decoding=\"async\" src=\"https:\/\/tn.com.ar\/resizer\/v2\/el-etiope-tedros-adhanom-ghebreyesus-director-de-la-oms-foto-reuters-DGMIPB7VTOX7G3YDRLGNXJOBI4.jpg?auth=ff524338b3fbcbf5e481b1b44255ed3816984c503ffd2d40bb756c79df331e13&amp;width=767\" alt=\"El et\u00edope Tedros Adhanom Ghebreyesus, director de la OMS. (Foto: Reuters)\"\/><\/figure>\n\n\n\n<p>Para Milei, las restricciones impuestas por los estados en base a las sugerencias de la OMS para mitigar los contagios de COVID \u201c<strong>implicaron un ataque a la libertad y a la propiedad<\/strong>, y podr\u00eda haber terminado&nbsp;<strong>matando al ser humano<\/strong>\u201d.<\/p>\n\n\n\n<p>\u201cLo que hizo la OMS fue ni m\u00e1s ni menos que el&nbsp;<strong>experimento de los globalistas de tener un ente global que lo regulara todo<\/strong>. Pas\u00f3 lo mismo con los que hicieron la agenda del nuevo milenio, que despu\u00e9s fue la agenda 2030 y ahora es el Pacto del Futuro. La pregunta es:&nbsp;<strong>\u00bfqui\u00e9n carajo vot\u00f3 a esa manga de bur\u00f3cratas hijos de re mil puta para que le manejen la vida a 8 mil millones de personas?<\/strong>&nbsp;Es lo m\u00e1s antidemocr\u00e1tico que existe. Ahora, si usted le se\u00f1ala esto, le dicen que usted es un totalitario antidemocr\u00e1tico. \u00bfY a ellos qui\u00e9n los vot\u00f3? Nadie\u201d, sentenci\u00f3.<\/p>\n\n\n\n<p>De acuerdo a la denuncia del libertario, que ser\u00eda inminente seg\u00fan publicaciones compartidas por \u00e9l mismo en redes sociales, el director de la OMS infringi\u00f3 los incisos C y K del&nbsp;<strong>art\u00edculo 7 de la Corte Penal Internacional<\/strong>: el inciso C penaliza el delito de&nbsp;<strong>esclavitud<\/strong>, definido como \u201cel ejercicio de los&nbsp;<strong>atributos del derecho de propiedad<\/strong>&nbsp;sobre una persona\u201d, mientras que el K condena \u201cotros&nbsp;<strong>actos inhumanos<\/strong>&nbsp;de car\u00e1cter similar que causen intencionalmente&nbsp;<strong>grandes sufrimientos<\/strong>&nbsp;o atenten gravemente contra la&nbsp;<strong>integridad f\u00edsica o la salud mental o f\u00edsica<\/strong>\u201d.<\/p>\n\n\n\n<p>El mi\u00e9rcoles, luego de que el vocero Manuel Adorni anunciara que la Argentina se retira de la OMS, Milei justific\u00f3 la decisi\u00f3n en su cuenta de X: \u201cFueron los ide\u00f3logos de la<strong>&nbsp;cuarentena cavern\u00edcola\u201d<\/strong>, dijo. Adem\u00e1s, tild\u00f3 de \u201corganismo nefasto\u201d a la instituci\u00f3n, a la que acus\u00f3 de ser&nbsp;<strong>\u201cbrazo ejecutor<\/strong>&nbsp;de lo que fue el&nbsp;<strong>mayor experimento de control social de la historia<\/strong>\u201d.<\/p>\n","protected":false},"excerpt":{"rendered":"<p>El Presidente acus\u00f3 a Tedros Adhanom Ghebreyesus de haber promovido medidas que derivaron en esclavitud y actos inhumanos. El presidente\u00a0Javier Milei\u00a0analiza\u00a0denunciar\u00a0ante la Corte Penal Internacional (CPI) al director de la&hellip; <\/p>\n","protected":false},"author":8,"featured_media":189025,"comment_status":"closed","ping_status":"open","sticky":false,"template":"","format":"standard","meta":{"footnotes":""},"categories":[10],"tags":[],"class_list":["post-189024","post","type-post","status-publish","format-standard","has-post-thumbnail","hentry","category-nacionales"],"_links":{"self":[{"href":"https:\/\/corrientesdetarde.com\/index.php\/wp-json\/wp\/v2\/posts\/189024","targetHints":{"allow":["GET"]}}],"collection":[{"href":"https:\/\/corrientesdetarde.com\/index.php\/wp-json\/wp\/v2\/posts"}],"about":[{"href":"https:\/\/corrientesdetarde.com\/index.php\/wp-json\/wp\/v2\/types\/post"}],"author":[{"embeddable":true,"href":"https:\/\/corrientesdetarde.com\/index.php\/wp-json\/wp\/v2\/users\/8"}],"replies":[{"embeddable":true,"href":"https:\/\/corrientesdetarde.com\/index.php\/wp-json\/wp\/v2\/comments?post=189024"}],"version-history":[{"count":1,"href":"https:\/\/corrientesdetarde.com\/index.php\/wp-json\/wp\/v2\/posts\/189024\/revisions"}],"predecessor-version":[{"id":189026,"href":"https:\/\/corrientesdetarde.com\/index.php\/wp-json\/wp\/v2\/posts\/189024\/revisions\/189026"}],"wp:featuredmedia":[{"embeddable":true,"href":"https:\/\/corrientesdetarde.com\/index.php\/wp-json\/wp\/v2\/media\/189025"}],"wp:attachment":[{"href":"https:\/\/corrientesdetarde.com\/index.php\/wp-json\/wp\/v2\/media?parent=189024"}],"wp:term":[{"taxonomy":"category","embeddable":true,"href":"https:\/\/corrientesdetarde.com\/index.php\/wp-json\/wp\/v2\/categories?post=189024"},{"taxonomy":"post_tag","embeddable":true,"href":"https:\/\/corrientesdetarde.com\/index.php\/wp-json\/wp\/v2\/tags?post=189024"}],"curies":[{"name":"wp","href":"https:\/\/api.w.org\/{rel}","templated":true}]}}