{"id":189031,"date":"2025-02-06T14:37:11","date_gmt":"2025-02-06T17:37:11","guid":{"rendered":"https:\/\/corrientesdetarde.com\/?p=189031"},"modified":"2025-02-06T18:52:56","modified_gmt":"2025-02-06T21:52:56","slug":"capturaron-a-rodolfo-ruso-lorhmann-en-espana-esta-profugo-desde-2003-por-un-caso-que-nunca-se-resolvio","status":"publish","type":"post","link":"https:\/\/corrientesdetarde.com\/index.php\/destacados\/capturaron-a-rodolfo-ruso-lorhmann-en-espana-esta-profugo-desde-2003-por-un-caso-que-nunca-se-resolvio\/","title":{"rendered":"Capturaron a Rodolfo \u201cRuso\u201d Lorhmann en Espa\u00f1a: est\u00e1 pr\u00f3fugo desde 2003 por un caso que nunca se resolvi\u00f3"},"content":{"rendered":"\n<p>Es uno de los principales sospechosos de la desaparici\u00f3n de Cristian Schaerer, cuyo cuerpo jam\u00e1s apareci\u00f3. En septiembre de 2024 se hab\u00eda fugado de una c\u00e1rcel en Portugal.<\/p>\n\n\n\n<p><strong>Rodolfo Jos\u00e9 \u201cEl Ruso\u201d Lohrmann<\/strong>, uno de los principales sospechosos de la\u00a0desaparici\u00f3n de\u00a0<strong>Cristian Schaerer<\/strong>, ocurrida en septiembre de 2003,\u00a0<strong>fue capturado en Espa\u00f1a<\/strong>\u00a0luego de escapar de una c\u00e1rcel de m\u00e1xima seguridad en Portugal y mantenerse pr\u00f3fugo durante cinco meses.<\/p>\n\n\n\n<p>La Polic\u00eda logr\u00f3 a Lohrmann en la ciudad de Alicante junto con Mark Roscaleer, otro de los cinco pr\u00f3fugos del\u00a0escape hist\u00f3rico, ocurrido el 7 de septiembre de 2024.<\/p>\n\n\n\n<p>\u201cEl ciudadano argentino, Rodolfo Jos\u00e9 Lohrmann, tiene una extensa trayectoria criminal,&nbsp;<strong>conocido por su participaci\u00f3n en delitos internacionales altamente organizados y especialmente violentos<\/strong>, incluyendo delitos de asociaci\u00f3n para delinquir, lavado de activos, robo a bancos, tenencia de arma prohibida, falsificaci\u00f3n\/falsificaci\u00f3n de documentos y hurto calificado\u201d, comunicaron desde la Polic\u00eda Judiciaria de Portugal.<\/p>\n\n\n\n<p>\u201cCabe se\u00f1alar que&nbsp;<strong>ambos pr\u00f3fugos contaban con \u00f3rdenes de captura internacionales<\/strong>&nbsp;emitidas por la autoridad judicial competente, y figuraban como notificaci\u00f3n roja en Interpol\u201d, agregaron.<\/p>\n","protected":false},"excerpt":{"rendered":"<p>Es uno de los principales sospechosos de la desaparici\u00f3n de Cristian Schaerer, cuyo cuerpo jam\u00e1s apareci\u00f3. En septiembre de 2024 se hab\u00eda fugado de una c\u00e1rcel en Portugal. Rodolfo Jos\u00e9&hellip; <\/p>\n","protected":false},"author":8,"featured_media":189032,"comment_status":"closed","ping_status":"open","sticky":false,"template":"","format":"standard","meta":{"footnotes":""},"categories":[26,33],"tags":[],"class_list":["post-189031","post","type-post","status-publish","format-standard","has-post-thumbnail","hentry","category-destacados","category-policiales"],"_links":{"self":[{"href":"https:\/\/corrientesdetarde.com\/index.php\/wp-json\/wp\/v2\/posts\/189031","targetHints":{"allow":["GET"]}}],"collection":[{"href":"https:\/\/corrientesdetarde.com\/index.php\/wp-json\/wp\/v2\/posts"}],"about":[{"href":"https:\/\/corrientesdetarde.com\/index.php\/wp-json\/wp\/v2\/types\/post"}],"author":[{"embeddable":true,"href":"https:\/\/corrientesdetarde.com\/index.php\/wp-json\/wp\/v2\/users\/8"}],"replies":[{"embeddable":true,"href":"https:\/\/corrientesdetarde.com\/index.php\/wp-json\/wp\/v2\/comments?post=189031"}],"version-history":[{"count":1,"href":"https:\/\/corrientesdetarde.com\/index.php\/wp-json\/wp\/v2\/posts\/189031\/revisions"}],"predecessor-version":[{"id":189033,"href":"https:\/\/corrientesdetarde.com\/index.php\/wp-json\/wp\/v2\/posts\/189031\/revisions\/189033"}],"wp:featuredmedia":[{"embeddable":true,"href":"https:\/\/corrientesdetarde.com\/index.php\/wp-json\/wp\/v2\/media\/189032"}],"wp:attachment":[{"href":"https:\/\/corrientesdetarde.com\/index.php\/wp-json\/wp\/v2\/media?parent=189031"}],"wp:term":[{"taxonomy":"category","embeddable":true,"href":"https:\/\/corrientesdetarde.com\/index.php\/wp-json\/wp\/v2\/categories?post=189031"},{"taxonomy":"post_tag","embeddable":true,"href":"https:\/\/corrientesdetarde.com\/index.php\/wp-json\/wp\/v2\/tags?post=189031"}],"curies":[{"name":"wp","href":"https:\/\/api.w.org\/{rel}","templated":true}]}}