{"id":189034,"date":"2025-02-06T14:39:01","date_gmt":"2025-02-06T17:39:01","guid":{"rendered":"https:\/\/corrientesdetarde.com\/?p=189034"},"modified":"2025-02-06T14:39:07","modified_gmt":"2025-02-06T17:39:07","slug":"antes-de-reunirse-con-la-mesa-de-enlace-caputo-ratifico-que-la-baja-de-retenciones-sera-temporal","status":"publish","type":"post","link":"https:\/\/corrientesdetarde.com\/index.php\/economia\/antes-de-reunirse-con-la-mesa-de-enlace-caputo-ratifico-que-la-baja-de-retenciones-sera-temporal\/","title":{"rendered":"Antes de reunirse con la mesa de enlace, Caputo ratific\u00f3 que la baja de retenciones ser\u00e1 temporal"},"content":{"rendered":"\n<p>El ministro de Econom\u00eda reiter\u00f3 que la reducci\u00f3n de las al\u00edcuotas finalizar\u00e1 el pr\u00f3ximo 30 de junio. \u201cEs hasta lo que nos da la plata\u201d, argument\u00f3, La presidente de la Federaci\u00f3n Agraria, Andrea Sarnari, adelant\u00f3 que insistir\u00e1n con la eliminaci\u00f3n definitiva.<\/p>\n\n\n\n<p>El ministro de Econom\u00eda,&nbsp;<strong>Luis Caputo,&nbsp;<\/strong>ratific\u00f3 que la&nbsp;<strong>baja de las retenciones<\/strong>&nbsp;a los principales cultivos<strong>&nbsp;finalizar\u00e1 el 30 de junio.<\/strong>&nbsp;\u201cEs una decisi\u00f3n transitoria\u201d, sostuvo.<\/p>\n\n\n\n<p>\u201cLa decisi\u00f3n fue temporal porque<strong>&nbsp;es hasta lo que nos da la plata<\/strong>\u201d, explic\u00f3 el funcionario en una entrevista con la se\u00f1al LN+.<\/p>\n\n\n\n<p>Las declaraciones del funcionario se dieron ante la\u00a0inminente reuni\u00f3n\u00a0que tendr\u00e1 este jueves, desde las 15 horas, con las 4 entidades de la mesa de enlace.<\/p>\n\n\n\n<p>Los ruralistas ser\u00e1n recibidos por el ministro de Econom\u00eda,&nbsp;<strong>Luis Caputo, y&nbsp;<\/strong>el secretario de Agricultura,&nbsp;<strong>Sergio Iraeta.&nbsp;<\/strong>Adem\u00e1s, podr\u00eda sumarse el titular de la Agencia de Recaudaci\u00f3n y Control Aduanero (ARCA),<strong>&nbsp;Juan Pazo.<\/strong><\/p>\n\n\n\n<p>En representaci\u00f3n del agro, asistir\u00e1n los presidentes de Confederaciones Rurales Argentinas (CRA),<strong>\u00a0Carlos Castagnani;<\/strong>\u00a0de la Federaci\u00f3n Agraria Argentina (FAA),\u00a0<strong>Andrea Sarnari;\u00a0<\/strong>de Coninagro,\u00a0<strong>Lucas Magnano;\u00a0<\/strong>y de la\u00a0<strong>Sociedad Rural Argentina (SRA), Nicol\u00e1s Pino.<\/strong><\/p>\n\n\n\n<p>Como antesala del encuentro, Iaraeta y Pazo mantuvieron d\u00edas atr\u00e1s<strong>\u00a0una reuni\u00f3n<\/strong>\u00a0con los dirigentes, donde dialogaron sobre los aspectos t\u00e9cnicos de c\u00f3mo se instrumentar\u00eda la medida. Adem\u00e1s<strong>,\u00a0Iraeta visit\u00f3 este martes a la sede de Coninagro, donde se abordaron diversos aspectos que preocupan al sector.<\/strong><\/p>\n\n\n\n<p>\u201cPrimero,&nbsp;<strong>nos quer\u00edamos solidarizar con el campo<\/strong>, mostrarle que nosotros hacemos el m\u00e1ximo esfuerzo por ellos. Y esta es una campa\u00f1a que hab\u00eda ca\u00eddo el precio de los commodities fuertemente y el tiempo estaba jugando medio una mala pasada. Entonces, ten\u00edamos algo de super\u00e1vit porque la recaudaci\u00f3n vino mejor de lo que proyect\u00e1bamos\u201d, asever\u00f3 Caputo.<\/p>\n\n\n\n<figure class=\"wp-block-image\"><img decoding=\"async\" src=\"https:\/\/tn.com.ar\/resizer\/v2\/de-izquierda-a-derecha-nicolas-pino-sociedad-rural-argentina-sra-andrea-sarnari-federacion-agraria-argentina-faa-lucas-magnano-coninagro-y-carlos-castagnani-confederaciones-rurales-argentinas-cra-foto-mesa-de-enlace-53WJHNHINBEIPKU7RJ7KGOIEDU.jpeg?auth=66efc859ea9f27d09fd60689eb6cac6c543565b3f400df521212ab1993be41c2&amp;width=767\" alt=\"De izquierda a derecha: Nicol\u00e1s Pino (Sociedad Rural Argentina - SRA), Andrea Sarnari (Federaci\u00f3n Agraria Argentina - FAA), Lucas Magnano (Coninagro) y Carlos Castagnani (Confederaciones Rurales Argentinas - CRA).  (Foto: Mesa de enlace).\"\/><\/figure>\n\n\n\n<p>Ante este escenario, el ministro asegur\u00f3 que \u201cinvertimos esta plata (US$ 1.000 millones) en reducirle esto (retenciones) al campo en esta campa\u00f1a\u201d.<\/p>\n\n\n\n<p>\u201cAhora, adem\u00e1s, afortunadamente llovi\u00f3 en zona n\u00facleo y el precio de la soja recuper\u00f3 bastante la ultima semana, as\u00ed que deben estar mas contentos\u201d, agreg\u00f3.<\/p>\n\n\n\n<p>Pese a que aclar\u00f3 que la baja de las retenciones \u201ces una decisi\u00f3n transitoria\u201d, ratific\u00f3 que van hacia \u201cla eliminaci\u00f3n de este impuesto\u201d.<\/p>\n\n\n\n<p><strong>\u201cEl equilibrio fiscal no lo vamos a arriesgar de ninguna forma<\/strong>\u201d, indic\u00f3, pese a los reclamos del campo para que esta reducci\u00f3n de las al\u00edcuotas a los principales granos sea definitiva.<\/p>\n\n\n\n<h2 class=\"wp-block-heading\">El campo insistir\u00e1 con la eliminaci\u00f3n definitiva de las retenciones<\/h2>\n\n\n\n<p>Por su parte, Sarnari dej\u00f3 en claro este jueves cu\u00e1l ser\u00e1 la posici\u00f3n de la<strong>&nbsp;Federaci\u00f3n Agraria<\/strong>&nbsp;de cara a la reuni\u00f3n.<\/p>\n\n\n\n<p>\u201cLa reuni\u00f3n con el ministro de Econom\u00eda seguramente ser\u00e1 importante por los temas coyunturales que tenemos para conversar. Como la alta presi\u00f3n impositiva que estamos sintiendo en el sector. Todo el sistema productivo est\u00e1 afectado, y dentro de eso,&nbsp;<strong>conversaremos sobre la necesidad de que la baja de retenciones se convierta en una medida definitiva<\/strong>\u201d, asever\u00f3.<\/p>\n\n\n\n<p>Sobre eso, agreg\u00f3 que adem\u00e1s pedir\u00e1n que se cree\u00a0<strong>un cronograma de baja gradual de las al\u00edcuotas hasta llegar a la eliminaci\u00f3n definitiva<\/strong><\/p>\n\n\n\n<p>Asimismo, remarc\u00f3 que reclamar\u00e1n por&nbsp;<strong>el mantenimiento de la Hidrov\u00eda y de las rutas, entre otros aspectos vinculados a la infraestructura.<\/strong><\/p>\n\n\n\n<p>\u201cEstamos por encarar una nueva campa\u00f1a con<strong>&nbsp;rutas en muy mal estado,<\/strong>&nbsp;que no tienen mantenimiento. Nos hace falta una nueva infraestructura para poder sacar la producci\u00f3n de nuestros campos\u201d, asegur\u00f3 la dirigente.<\/p>\n\n\n\n<p>Por \u00faltimo, Sarnari dijo que<strong>&nbsp;propondr\u00e1n una agenda com\u00fan para abordar otros temas, que no son de urgencia, pero son necesarios para construir una pol\u00edtica agropecuaria que de previsibilidad a largo plazo.<\/strong><\/p>\n","protected":false},"excerpt":{"rendered":"<p>El ministro de Econom\u00eda reiter\u00f3 que la reducci\u00f3n de las al\u00edcuotas finalizar\u00e1 el pr\u00f3ximo 30 de junio. \u201cEs hasta lo que nos da la plata\u201d, argument\u00f3, La presidente de la&hellip; <\/p>\n","protected":false},"author":8,"featured_media":189035,"comment_status":"closed","ping_status":"open","sticky":false,"template":"","format":"standard","meta":{"footnotes":""},"categories":[20],"tags":[],"class_list":["post-189034","post","type-post","status-publish","format-standard","has-post-thumbnail","hentry","category-economia"],"_links":{"self":[{"href":"https:\/\/corrientesdetarde.com\/index.php\/wp-json\/wp\/v2\/posts\/189034","targetHints":{"allow":["GET"]}}],"collection":[{"href":"https:\/\/corrientesdetarde.com\/index.php\/wp-json\/wp\/v2\/posts"}],"about":[{"href":"https:\/\/corrientesdetarde.com\/index.php\/wp-json\/wp\/v2\/types\/post"}],"author":[{"embeddable":true,"href":"https:\/\/corrientesdetarde.com\/index.php\/wp-json\/wp\/v2\/users\/8"}],"replies":[{"embeddable":true,"href":"https:\/\/corrientesdetarde.com\/index.php\/wp-json\/wp\/v2\/comments?post=189034"}],"version-history":[{"count":1,"href":"https:\/\/corrientesdetarde.com\/index.php\/wp-json\/wp\/v2\/posts\/189034\/revisions"}],"predecessor-version":[{"id":189036,"href":"https:\/\/corrientesdetarde.com\/index.php\/wp-json\/wp\/v2\/posts\/189034\/revisions\/189036"}],"wp:featuredmedia":[{"embeddable":true,"href":"https:\/\/corrientesdetarde.com\/index.php\/wp-json\/wp\/v2\/media\/189035"}],"wp:attachment":[{"href":"https:\/\/corrientesdetarde.com\/index.php\/wp-json\/wp\/v2\/media?parent=189034"}],"wp:term":[{"taxonomy":"category","embeddable":true,"href":"https:\/\/corrientesdetarde.com\/index.php\/wp-json\/wp\/v2\/categories?post=189034"},{"taxonomy":"post_tag","embeddable":true,"href":"https:\/\/corrientesdetarde.com\/index.php\/wp-json\/wp\/v2\/tags?post=189034"}],"curies":[{"name":"wp","href":"https:\/\/api.w.org\/{rel}","templated":true}]}}