{"id":189040,"date":"2025-02-06T14:59:45","date_gmt":"2025-02-06T17:59:45","guid":{"rendered":"https:\/\/corrientesdetarde.com\/?p=189040"},"modified":"2025-02-06T14:59:50","modified_gmt":"2025-02-06T17:59:50","slug":"tragedia-se-derrumbo-el-techo-de-una-iglesia-historica-de-salvador-de-bahia-y-una-turista-murio-aplastada","status":"publish","type":"post","link":"https:\/\/corrientesdetarde.com\/index.php\/internacionales\/tragedia-se-derrumbo-el-techo-de-una-iglesia-historica-de-salvador-de-bahia-y-una-turista-murio-aplastada\/","title":{"rendered":"Tragedia: se derrumb\u00f3 el techo de una iglesia hist\u00f3rica de Salvador de Bah\u00eda y una turista muri\u00f3 aplastada"},"content":{"rendered":"\n<p>Adem\u00e1s, otras seis personas resultaron heridas. El accidente ocurri\u00f3 en San Francisco de As\u00eds, considerada una de las \u201cSiete Maravillas de Origen Portugu\u00e9s\u201d del mundo.<\/p>\n\n\n\n<p>Giulia Panchoni Righetto ten\u00eda 26 a\u00f1os. (Foto: gentileza g1).Una\u00a0<strong>turista de 26 a\u00f1os muri\u00f3<\/strong>\u00a0y seis personas m\u00e1s resultaron heridas este mi\u00e9rcoles cuando se derrumb\u00f3 parte del techo de la\u00a0<strong>hist\u00f3rica iglesia de San Francisco de As\u00eds<\/strong>, uno de los templos m\u00e1s tradicionales y tur\u00edsticos de\u00a0<strong>Salvador<\/strong>, la capital del estado brasile\u00f1o de Bah\u00eda (nordeste).<\/p>\n\n\n\n<p>Seg\u00fan los Bomberos, la tragedia ocurri\u00f3 cerca de las 14:30, cuando no hab\u00eda muchos visitantes en la iglesia, considerada&nbsp;<strong>una de las \u201cSiete Maravillas de Origen Portugu\u00e9s\u201d del mundo<\/strong>.<\/p>\n\n\n\n<figure class=\"wp-block-image size-full\"><img loading=\"lazy\" decoding=\"async\" width=\"767\" height=\"510\" src=\"https:\/\/corrientesdetarde.com\/wp-content\/uploads\/2025\/02\/image-212.png\" alt=\"\" class=\"wp-image-189042\" srcset=\"https:\/\/corrientesdetarde.com\/wp-content\/uploads\/2025\/02\/image-212.png 767w, https:\/\/corrientesdetarde.com\/wp-content\/uploads\/2025\/02\/image-212-300x199.png 300w\" sizes=\"auto, (max-width: 767px) 100vw, 767px\" \/><\/figure>\n\n\n\n<p>Las autoridades se\u00f1alaron que&nbsp;<strong>el techo que cubr\u00eda el ala central de la iglesia cedi\u00f3 y cay\u00f3 sobre el espacio donde los feligreses reciben la misa<\/strong>.<\/p>\n\n\n\n<p>Im\u00e1genes publicadas por testigos en las redes sociales muestran los destrozos dentro de la iglesia, principalmente escombros de madera cubriendo los bancos y el suelo del ala central.<\/p>\n\n\n\n<figure class=\"wp-block-image\"><img decoding=\"async\" src=\"https:\/\/tn.com.ar\/resizer\/v2\/integrantes-de-la-defensa-civil-observan-la-iglesia-de-sao-francisco-de-asis-este-miercoles-en-salvador-brasil-foto-efe-rafael-martins-JOSXZYC4TFBTLHJNDD7RZHXI7U.jpg?auth=ebee3324afa9a8c86865045eb80b8979b79d7a15995b77cc0469054a38386186&amp;width=767\" alt=\"Integrantes de la Defensa Civil observan la iglesia de S\u00e3o Francisco de Asis este mi\u00e9rcoles, en Salvador (Brasil). (Foto: EFE\/ Rafael Martins).\"\/><\/figure>\n\n\n\n<p><strong>San Francisco de As\u00eds<\/strong>&nbsp;fue fundada en el siglo XVIII y se la llama tambi\u00e9n \u201cla iglesia de oro\u201d\u2019, por tener todo su interior revestido en ese metal. Ya eran conocidos, sus problemas estructurales.<\/p>\n\n\n\n<p>En 2023, uno de sus patios fue cerrado parcialmente por riesgo de ca\u00edda del pin\u00e1culo derecho. La estructura -una c\u00fapula de metal que pesa cerca de una tonelada y media- fue removida, seg\u00fan el Instituto de Patrimonio Hist\u00f3rico y Art\u00edstico Nacional (Iphan).<\/p>\n\n\n\n<h2 class=\"wp-block-heading\">Qui\u00e9n era la turista de 26 a\u00f1os que muri\u00f3 en el derrumbe de la \u201ciglesia de oro\u201d<\/h2>\n\n\n\n<p>La joven turista que muri\u00f3 en el derrumbe fue identificada como&nbsp;<strong>Giulia Panchoni Righetto<\/strong>, de 26 a\u00f1os y oriunda de Ribeir\u00e3o Preto (San Pablo).<\/p>\n\n\n\n<p>Seg\u00fan el sitio&nbsp;<em>g1<\/em>, Giulia era licenciada en publicidad y trabaj\u00f3 durante tres a\u00f1os como analista de marketing en una multinacional de alimentos.<\/p>\n\n\n\n<figure class=\"wp-block-image\"><img decoding=\"async\" src=\"https:\/\/tn.com.ar\/resizer\/v2\/giulia-righetto-tenia-26-anos-y-la-apasionaban-los-viajes-foto-gentileza-g1-WT6FZDAEZRHWTPUMZNVYKSV5HM.png?auth=06e50165cf65f7a1ad61cceba6229c10c8d36597568d552f292cb771430f7e3c&amp;width=767\" alt=\"Giulia Righetto ten\u00eda 26 a\u00f1os y la apasionaban los viajes. (Foto: gentileza g1).\"\/><\/figure>\n\n\n\n<p>La joven era una apasionada de los viajes y, a pesar de tener s\u00f3lo 26 a\u00f1os, ya hab\u00eda visitado varios pa\u00edses.<\/p>\n\n\n\n<p>Sol\u00eda compartir en las redes impactantes postales de sus viajes por Italia, Espa\u00f1a y Croacia.<\/p>\n\n\n\n<p>En sus posteos tampoco ocult\u00f3 su pasi\u00f3n por las mascotas.<\/p>\n\n\n\n<figure class=\"wp-block-image\"><img decoding=\"async\" src=\"https:\/\/tn.com.ar\/resizer\/v2\/giulia-righetto-trabajaba-en-marketing-y-era-una-amante-de-los-animales-foto-gentileza-g1-YBPM6YV4JFBC3ENIGKR2HH7CNI.png?auth=5b65baa782cfbb1f9458ebc03b05a1d559f18d54771ba87ef374ad31fe93ce31&amp;width=767\" alt=\"Giulia Righetto trabajaba en marketing y era una amante de los animales. (Foto: gentileza g1).\"\/><\/figure>\n\n\n\n<p>En el momento del derrumbe, la joven&nbsp;<strong>estaba acompa\u00f1ada por su novio y un par de amigos<\/strong>. Los hombres resultaron ilesos, mientras que una de sus amigas sufri\u00f3 un corte en la frente y fue llevada a un hospital.<\/p>\n\n\n\n<p>El cuerpo de Giulia fue retirado del templo alrededor de las 16:50 por profesionales de la Direcci\u00f3n T\u00e9cnica de la Polic\u00eda (DPT).<\/p>\n","protected":false},"excerpt":{"rendered":"<p>Adem\u00e1s, otras seis personas resultaron heridas. El accidente ocurri\u00f3 en San Francisco de As\u00eds, considerada una de las \u201cSiete Maravillas de Origen Portugu\u00e9s\u201d del mundo. Giulia Panchoni Righetto ten\u00eda 26&hellip; <\/p>\n","protected":false},"author":8,"featured_media":189042,"comment_status":"closed","ping_status":"open","sticky":false,"template":"","format":"standard","meta":{"footnotes":""},"categories":[11],"tags":[],"class_list":["post-189040","post","type-post","status-publish","format-standard","has-post-thumbnail","hentry","category-internacionales"],"_links":{"self":[{"href":"https:\/\/corrientesdetarde.com\/index.php\/wp-json\/wp\/v2\/posts\/189040","targetHints":{"allow":["GET"]}}],"collection":[{"href":"https:\/\/corrientesdetarde.com\/index.php\/wp-json\/wp\/v2\/posts"}],"about":[{"href":"https:\/\/corrientesdetarde.com\/index.php\/wp-json\/wp\/v2\/types\/post"}],"author":[{"embeddable":true,"href":"https:\/\/corrientesdetarde.com\/index.php\/wp-json\/wp\/v2\/users\/8"}],"replies":[{"embeddable":true,"href":"https:\/\/corrientesdetarde.com\/index.php\/wp-json\/wp\/v2\/comments?post=189040"}],"version-history":[{"count":1,"href":"https:\/\/corrientesdetarde.com\/index.php\/wp-json\/wp\/v2\/posts\/189040\/revisions"}],"predecessor-version":[{"id":189043,"href":"https:\/\/corrientesdetarde.com\/index.php\/wp-json\/wp\/v2\/posts\/189040\/revisions\/189043"}],"wp:featuredmedia":[{"embeddable":true,"href":"https:\/\/corrientesdetarde.com\/index.php\/wp-json\/wp\/v2\/media\/189042"}],"wp:attachment":[{"href":"https:\/\/corrientesdetarde.com\/index.php\/wp-json\/wp\/v2\/media?parent=189040"}],"wp:term":[{"taxonomy":"category","embeddable":true,"href":"https:\/\/corrientesdetarde.com\/index.php\/wp-json\/wp\/v2\/categories?post=189040"},{"taxonomy":"post_tag","embeddable":true,"href":"https:\/\/corrientesdetarde.com\/index.php\/wp-json\/wp\/v2\/tags?post=189040"}],"curies":[{"name":"wp","href":"https:\/\/api.w.org\/{rel}","templated":true}]}}