{"id":189044,"date":"2025-02-06T15:04:05","date_gmt":"2025-02-06T18:04:05","guid":{"rendered":"https:\/\/corrientesdetarde.com\/?p=189044"},"modified":"2025-02-06T15:04:09","modified_gmt":"2025-02-06T18:04:09","slug":"historico-neymar-volvio-a-jugar-en-el-santos-y-emociono-a-los-hinchas-en-el-partido-ante-botafogo","status":"publish","type":"post","link":"https:\/\/corrientesdetarde.com\/index.php\/deportes\/historico-neymar-volvio-a-jugar-en-el-santos-y-emociono-a-los-hinchas-en-el-partido-ante-botafogo\/","title":{"rendered":"Hist\u00f3rico: Neymar volvi\u00f3 a jugar en el Santos y emocion\u00f3 a los hinchas en el partido ante Botafogo"},"content":{"rendered":"\n<p>La estrella brasile\u00f1a arranc\u00f3 en el banco de suplentes, entr\u00f3 en el entretiempo y gener\u00f3 una ovaci\u00f3n en Vila Belmiro en el duelo por el Campeonato Paulista. Sin embargo, el Peixe empat\u00f3 1-1 y la alegr\u00eda no pudo ser completa.<\/p>\n\n\n\n<p><strong>Neymar\u00a0<\/strong>volvi\u00f3 a ponerse la camiseta del\u00a0<strong>Santos\u00a0<\/strong>en el Campeonato Paulista: arranc\u00f3 en el banco de suplentes y gener\u00f3 una ovaci\u00f3n en Vila Belmiro cuando ingres\u00f3 en el partido\u00a0<strong>ante Botafogo de Ribeir\u00e3o Preto<\/strong>.<\/p>\n\n\n\n<p>El crack brasile\u00f1o tuvo su mejor regalo en el d\u00eda que&nbsp;<strong>cumple 33 a\u00f1os<\/strong>: volvi\u00f3 a estar en un terreno de juego como futbolista del club que lo form\u00f3. Por supuesto, desde la previa se vivi\u00f3 un ambiente muy emotivo y de expectativa.<\/p>\n\n\n\n<p><strong>En el entretiempo, Ney ingres\u00f3 en lugar de Gabriel Bontempo y las tribunas estallaron<\/strong>. Los hinchas lo ovacionaron y se pudo ver una fiesta. Ante cada intervenci\u00f3n del ex-Barcelona, m\u00e1s que positivas en muchos casos, los fan\u00e1ticos enloquec\u00edan.<\/p>\n\n\n\n<figure class=\"wp-block-image\"><img decoding=\"async\" src=\"https:\/\/tn.com.ar\/resizer\/v2\/neymar-volvio-a-jugar-en-santos-y-demostro-toda-su-calidad-foto-reuters-ZV6YF6TWWRBMJP7ENDZVL2FKNM.jfif?auth=1f94992a13b28f4caeb44d7d0af994d72004301d997c79935b83cd25e9cd8cd2&amp;width=767\" alt=\"Neymar volvi\u00f3 a jugar en Santos y demostr\u00f3 toda su calidad. (Foto: Reuters)\"\/><\/figure>\n\n\n\n<p>Sin embargo, la alegr\u00eda no pudo ser completa para Neymar y Santos:&nbsp;<strong>Botafogo de Ribeir\u00e3o Preto<\/strong>&nbsp;<strong>estamp\u00f3 el 1-1 a los 67 minutos de partido<\/strong>. El Peixe se impon\u00eda por 1-0 con gol de Tiquinho en el primer tiempo.<\/p>\n\n\n\n<h2 class=\"wp-block-heading\">Una previa muy emotiva para el regreso de Neymar al Santos<\/h2>\n\n\n\n<p>En las primeras horas de este mi\u00e9rcoles, desde el club hab\u00edan publicado: \u201c\u00a1Lleg\u00f3 la hora, naci\u00f3n santista!&nbsp;<strong>\u00a1Lleg\u00f3 el d\u00eda tan esperado!<\/strong>\u201d.<\/p>\n\n\n\n<p>Bajo el slogan de \u201c<strong>El pr\u00edncipe est\u00e1 de regreso<\/strong>\u201d, Neymar volvi\u00f3 a presentarse como futbolista del Santos, luego de casi 11 a\u00f1os, ya que su primera etapa en el club fue entre 2009 y 2013.<\/p>\n\n\n\n<p>Ney ingres\u00f3 desde el banco de suplentes ante Botafogo de Ribeir\u00e3o Preto por la s\u00e9ptima fecha del torneo. Adem\u00e1s de lo movilizante que es en lo personal, el crack brasile\u00f1o super\u00f3 un gran desaf\u00edo futbol\u00edstico, ya que&nbsp;<strong>disput\u00f3 apenas siete partidos en los \u00faltimos 17 meses&nbsp;<\/strong>producto de las lesiones que sufri\u00f3.<\/p>\n\n\n\n<figure class=\"wp-block-image\"><img decoding=\"async\" src=\"https:\/\/tn.com.ar\/resizer\/v2\/neymar-se-entreno-muy-bien-con-sus-companeros-del-santos-foto-reuters-Q26AWZHECOHTQ63GA3MKH6KAWQ.jpg?auth=1926cb14bd44c1a3a8bb56aac96039c7f60e49b61dcaf171cfd737a853618d07&amp;width=767\" alt=\"Neymar se entren\u00f3 muy bien con sus compa\u00f1eros del Santos. (Foto: Reuters)\"\/><\/figure>\n\n\n\n<p>El s\u00e1bado pasado, sin Neymar, el Santos le hab\u00eda ganado 3-1 a Sao Paulo. El \u201810\u2032 no estuvo porque ven\u00eda de varios compromisos, pero lleg\u00f3 el viernes desde Arabia Saudita para firmar su contrato de seis meses y ser presentado oficialmente.&nbsp;<strong>Su vuelta es un golpe de efecto para el club<\/strong>.<\/p>\n\n\n\n<p>El equipo de Pedro Caixinha, que vuelve a la primera despu\u00e9s de descender en 2023, arranc\u00f3 el Paulista con altibajos:&nbsp;<strong>perdi\u00f3 tres de los seis partidos<\/strong>. Este torneo es la previa del Brasileirao, que arranca a fines de marzo.<\/p>\n","protected":false},"excerpt":{"rendered":"<p>La estrella brasile\u00f1a arranc\u00f3 en el banco de suplentes, entr\u00f3 en el entretiempo y gener\u00f3 una ovaci\u00f3n en Vila Belmiro en el duelo por el Campeonato Paulista. Sin embargo, el&hellip; <\/p>\n","protected":false},"author":8,"featured_media":189045,"comment_status":"closed","ping_status":"open","sticky":false,"template":"","format":"standard","meta":{"footnotes":""},"categories":[4],"tags":[],"class_list":["post-189044","post","type-post","status-publish","format-standard","has-post-thumbnail","hentry","category-deportes"],"_links":{"self":[{"href":"https:\/\/corrientesdetarde.com\/index.php\/wp-json\/wp\/v2\/posts\/189044","targetHints":{"allow":["GET"]}}],"collection":[{"href":"https:\/\/corrientesdetarde.com\/index.php\/wp-json\/wp\/v2\/posts"}],"about":[{"href":"https:\/\/corrientesdetarde.com\/index.php\/wp-json\/wp\/v2\/types\/post"}],"author":[{"embeddable":true,"href":"https:\/\/corrientesdetarde.com\/index.php\/wp-json\/wp\/v2\/users\/8"}],"replies":[{"embeddable":true,"href":"https:\/\/corrientesdetarde.com\/index.php\/wp-json\/wp\/v2\/comments?post=189044"}],"version-history":[{"count":1,"href":"https:\/\/corrientesdetarde.com\/index.php\/wp-json\/wp\/v2\/posts\/189044\/revisions"}],"predecessor-version":[{"id":189046,"href":"https:\/\/corrientesdetarde.com\/index.php\/wp-json\/wp\/v2\/posts\/189044\/revisions\/189046"}],"wp:featuredmedia":[{"embeddable":true,"href":"https:\/\/corrientesdetarde.com\/index.php\/wp-json\/wp\/v2\/media\/189045"}],"wp:attachment":[{"href":"https:\/\/corrientesdetarde.com\/index.php\/wp-json\/wp\/v2\/media?parent=189044"}],"wp:term":[{"taxonomy":"category","embeddable":true,"href":"https:\/\/corrientesdetarde.com\/index.php\/wp-json\/wp\/v2\/categories?post=189044"},{"taxonomy":"post_tag","embeddable":true,"href":"https:\/\/corrientesdetarde.com\/index.php\/wp-json\/wp\/v2\/tags?post=189044"}],"curies":[{"name":"wp","href":"https:\/\/api.w.org\/{rel}","templated":true}]}}