{"id":189047,"date":"2025-02-06T15:27:08","date_gmt":"2025-02-06T18:27:08","guid":{"rendered":"https:\/\/corrientesdetarde.com\/?p=189047"},"modified":"2025-02-06T15:27:12","modified_gmt":"2025-02-06T18:27:12","slug":"el-cerco-en-la-frontera-con-bolivia-miedo-a-los-narcos-solo-una-empresa-en-la-licitacion-y-un-conflicto","status":"publish","type":"post","link":"https:\/\/corrientesdetarde.com\/index.php\/politica\/el-cerco-en-la-frontera-con-bolivia-miedo-a-los-narcos-solo-una-empresa-en-la-licitacion-y-un-conflicto\/","title":{"rendered":"El cerco en la frontera con Bolivia: miedo a los narcos, solo una empresa en la licitaci\u00f3n y un conflicto"},"content":{"rendered":"\n<p>Una compa\u00f1\u00eda se present\u00f3 en soledad al proceso de adjudicaci\u00f3n para levantar el alambrado, ubicado en la localidad de Aguas Blancas. El temor de las firmas a trabajar en la zona y las quejas del presunto propietario de un terreno clave.<a href=\"https:\/\/tn.com.ar\/autor\/Sergio+Farella\/\"><\/a><\/p>\n\n\n\n<p>La instalaci\u00f3n del\u00a0<strong>alambrado en la frontera entre Argentina y Bolivia<\/strong>, en la localidad salte\u00f1a de\u00a0Aguas Blancas, avanza en medio de\u00a0<strong>controversias pol\u00edticas<\/strong>\u00a0y dificultades que van m\u00e1s all\u00e1 de lo administrativo. Con un\u00a0<strong>presupuesto\u00a0<\/strong>de\u00a0<strong>36 millones de pesos<\/strong>\u00a0y un plazo de ejecuci\u00f3n de\u00a0<strong>60 d\u00edas<\/strong>, la obra fue\u00a0<strong>adjudicada a la \u00fanica empresa<\/strong>\u00a0que se present\u00f3 a la licitaci\u00f3n.<\/p>\n\n\n\n<p>A pesar de que se invit\u00f3 a casi una decena de compa\u00f1\u00edas a participar del proceso,&nbsp;<strong>solo una se mostr\u00f3 interesada<\/strong>. Seg\u00fan fuentes cercanas a la organizaci\u00f3n del proyecto, el motivo principal de esta falta de competencia es el&nbsp;<strong>temor de las constructoras<\/strong>&nbsp;a trabajar en una zona fronteriza marcada por el&nbsp;<strong>narcotr\u00e1fico y el contrabando<\/strong>.<\/p>\n\n\n\n<p>\u201cNadie quiere meterse en un lugar donde pueden terminar bajo fuego cruzado de los narcos o ser atacados por los bagayeros\u201d, explicaron fuentes involucradas en el proyecto . La situaci\u00f3n en la regi\u00f3n no es menor: el\u00a0<strong>exintendente\u00a0<\/strong>de Aguas Blancas fue desplazado el a\u00f1o pasado acusado por presuntos v\u00ednculos con el\u00a0<strong>narcotr\u00e1fico<\/strong>\u00a0y la violencia es una constante en la zona.<\/p>\n\n\n\n<p>El&nbsp;<strong>contrato de adjudicaci\u00f3n<\/strong>&nbsp;establece que la empresa ganadora recibir\u00e1 un&nbsp;<strong>adelanto del 30% del monto total para iniciar el acopio de materiales<\/strong>, pero el contratista enfrenta dificultades para conseguir elementos esenciales, como las columnas necesarias para el alambrado. Adem\u00e1s, la instalaci\u00f3n del cerco -en alambre de p\u00faas- incluir\u00e1<strong>&nbsp;dos puertas y un port\u00f3n<\/strong>&nbsp;para permitir el ingreso de&nbsp;<strong>Prefectura<\/strong>, que tendr\u00e1 un rol clave en la vigilancia de la estructura, de 200 metros.<\/p>\n\n\n\n<figure class=\"wp-block-image\"><img decoding=\"async\" src=\"https:\/\/tn.com.ar\/resizer\/v2\/el-paso-fronterizo-con-bolivia-que-el-gobierno-quiere-cercar-foto-gustavosaenzok-7GBQMEQKOBGUPIJLDMCTBCDTKM.jpeg?auth=3ca793d95720deb2b1de6a6298a48a70095dbb5064ff21a3f9668cbd6ff6c819&amp;width=767\" alt=\"El paso fronterizo con Bolivia que el Gobierno quiere cercar. (Foto: @GustavoSaenzOK).\"\/><\/figure>\n\n\n\n<p>La ejecuci\u00f3n de la obra, sin embargo, no ser\u00e1 sencilla. Trabajar en la zona implica lidiar con la&nbsp;<strong>presi\u00f3n de grupos delictivos y organizaciones piqueteras<\/strong>&nbsp;que, seg\u00fan fuentes consultadas, buscan sacar provecho econ\u00f3mico de cada proyecto que se implementa en la regi\u00f3n. \u201c<strong>Nadie quiere venir a trabajar en el norte<\/strong>&nbsp;porque saben que van a perder plata con&nbsp;<strong>extorsiones<\/strong>\u201d, se\u00f1alaron fuentes que conocen el proceso licitatorio.<\/p>\n\n\n\n<p>Adem\u00e1s, a pocos d\u00edas de la firma del contrato, surgi\u00f3 un&nbsp;<strong>nuevo obst\u00e1culo<\/strong>: un hombre se present\u00f3 ante el municipio argumentando que&nbsp;<strong>parte del terreno<\/strong>&nbsp;donde se pretende instalar el alambrado le&nbsp;<strong>pertenece a un<\/strong>&nbsp;<strong>hacendado privado<\/strong>. A pesar de esta advertencia, la decisi\u00f3n pol\u00edtica es&nbsp;<strong>avanzar con la obra<\/strong>&nbsp;y, en caso de que el propietario interponga una acci\u00f3n judicial,&nbsp;<strong>resolver el conflicto en el futuro<\/strong>. \u201cLa mejor manera de saber de qui\u00e9n es el terreno es empezando la obra.&nbsp;<strong>Si alguien tiene papeles, que los presente<\/strong>\u201d, indic\u00f3 una fuente involucrada en el proyecto.<\/p>\n\n\n\n<p>El cerco es un proyecto encabezado por la&nbsp;<strong>gobernaci\u00f3n de Salta en el puesto fronterizo de Aguas Blancas<\/strong>, colindante con la localidad boliviana de&nbsp;<strong>Bermejo<\/strong>, para reforzar los&nbsp;<strong>controles migratorios<\/strong>&nbsp;y frenar el&nbsp;<strong>contrabando y narcotr\u00e1fico<\/strong>&nbsp;en la zona.<\/p>\n\n\n\n<p>El alambrado ir\u00e1 desde la&nbsp;<strong>terminal de micros<\/strong>&nbsp;hasta los puestos de control del&nbsp;<strong>Puerto de Chalanas<\/strong>. La medida es parte del&nbsp;<strong>Plan G\u00fcemes<\/strong>&nbsp;del Ministerio de Seguridad y permite intensificar los controles en las fronteras del norte.<\/p>\n","protected":false},"excerpt":{"rendered":"<p>Una compa\u00f1\u00eda se present\u00f3 en soledad al proceso de adjudicaci\u00f3n para levantar el alambrado, ubicado en la localidad de Aguas Blancas. El temor de las firmas a trabajar en la&hellip; <\/p>\n","protected":false},"author":8,"featured_media":189048,"comment_status":"closed","ping_status":"open","sticky":false,"template":"","format":"standard","meta":{"footnotes":""},"categories":[3],"tags":[],"class_list":["post-189047","post","type-post","status-publish","format-standard","has-post-thumbnail","hentry","category-politica"],"_links":{"self":[{"href":"https:\/\/corrientesdetarde.com\/index.php\/wp-json\/wp\/v2\/posts\/189047","targetHints":{"allow":["GET"]}}],"collection":[{"href":"https:\/\/corrientesdetarde.com\/index.php\/wp-json\/wp\/v2\/posts"}],"about":[{"href":"https:\/\/corrientesdetarde.com\/index.php\/wp-json\/wp\/v2\/types\/post"}],"author":[{"embeddable":true,"href":"https:\/\/corrientesdetarde.com\/index.php\/wp-json\/wp\/v2\/users\/8"}],"replies":[{"embeddable":true,"href":"https:\/\/corrientesdetarde.com\/index.php\/wp-json\/wp\/v2\/comments?post=189047"}],"version-history":[{"count":1,"href":"https:\/\/corrientesdetarde.com\/index.php\/wp-json\/wp\/v2\/posts\/189047\/revisions"}],"predecessor-version":[{"id":189049,"href":"https:\/\/corrientesdetarde.com\/index.php\/wp-json\/wp\/v2\/posts\/189047\/revisions\/189049"}],"wp:featuredmedia":[{"embeddable":true,"href":"https:\/\/corrientesdetarde.com\/index.php\/wp-json\/wp\/v2\/media\/189048"}],"wp:attachment":[{"href":"https:\/\/corrientesdetarde.com\/index.php\/wp-json\/wp\/v2\/media?parent=189047"}],"wp:term":[{"taxonomy":"category","embeddable":true,"href":"https:\/\/corrientesdetarde.com\/index.php\/wp-json\/wp\/v2\/categories?post=189047"},{"taxonomy":"post_tag","embeddable":true,"href":"https:\/\/corrientesdetarde.com\/index.php\/wp-json\/wp\/v2\/tags?post=189047"}],"curies":[{"name":"wp","href":"https:\/\/api.w.org\/{rel}","templated":true}]}}