{"id":189050,"date":"2025-02-06T15:31:14","date_gmt":"2025-02-06T18:31:14","guid":{"rendered":"https:\/\/corrientesdetarde.com\/?p=189050"},"modified":"2025-02-06T15:31:26","modified_gmt":"2025-02-06T18:31:26","slug":"jorge-rial-revelo-que-paso-con-amadeo-el-bebe-de-morena-rial-y-como-logro-tranquilizarlo","status":"publish","type":"post","link":"https:\/\/corrientesdetarde.com\/index.php\/espectaculos\/jorge-rial-revelo-que-paso-con-amadeo-el-bebe-de-morena-rial-y-como-logro-tranquilizarlo\/","title":{"rendered":"Jorge Rial revel\u00f3 qu\u00e9 pas\u00f3 con Amadeo, el beb\u00e9 de Morena Rial, y c\u00f3mo logr\u00f3 tranquilizarlo"},"content":{"rendered":"\n<p>El conductor volvi\u00f3 a referirse a la detenci\u00f3n de su hija mayor y detall\u00f3 que ser\u00e1 indagada este jueves.<\/p>\n\n\n\n<p><strong>Jorge Rial se siente muy cansado, pero feliz de haber podido hacerse cargo de su segundo nieto<\/strong>\u00a0luego de que\u00a0<strong>Morena Rial<\/strong> fuera detenida en una comisar\u00eda de San Isidro, seg\u00fan cont\u00f3 \u00e9l mismo al aire de\u00a0<em>Radio 10.<\/em>\u00a0Conmovido, les dijo a sus oyentes que este mi\u00e9rcoles fue la primera vez que vio a Amadeo y que la conexi\u00f3n se dio de informa inmediata.<\/p>\n\n\n\n<p>El conductor lo busc\u00f3 y lo llev\u00f3 r\u00e1pidamente a un sanatorio de Barrio Norte, donde fue atendido por un equipo de pediatras. \u201cEst\u00e1 perfecto de peso, de altura, es un peque\u00f1o luchador de sumo, porque tiene una fuerza infernal. Pegamos onda, nos re\u00edmos. Dentro de todo esto malo, la presencia de Amadeo es un b\u00e1lsamo.&nbsp;<strong>Es una cuota de esperanza. Lo veo y digo \u2018pucha, vale la pena pelear por este pendejo\u2019.&nbsp;<\/strong>Pienso en mi hija&#8230; Tiene que reflexionar sobre la mierda en la que se meti\u00f3\u201d, dispar\u00f3.<\/p>\n\n\n\n<p>Por \u00faltimo, detall\u00f3 c\u00f3mo hizo para tranquilizar al nene ante la ausencia de su mam\u00e1: \u201cYo lo conoc\u00ed ayer a Amadeo. Es muy fuerte. Lo agarr\u00e9, lo abrac\u00e9 y le habl\u00e9.&nbsp;<strong>Le dije que estaba con el Tata y que no le iba a pasar nada. Le cant\u00e9 la canci\u00f3n de cuna que les cantaba a mis hijas y lo calm\u00e9\u201d.<\/strong><\/p>\n\n\n\n<figure class=\"wp-block-image\"><img decoding=\"async\" src=\"https:\/\/tn.com.ar\/resizer\/v2\/morena-rial-fue-mama-el-7-de-octubre-foto-instagrammoorerial-D5QF2KW5VJD5NJXOMB6SJDPO2I.jpg?auth=5fa26540e65f39152e7b19489edb8e39223553d4a838c5f32944412f90d270c0&amp;width=767\" alt=\"Morena Rial fue mam\u00e1 el 7 de octubre. (Foto: Instagram\/moorerial)\"\/><\/figure>\n\n\n\n<h2 class=\"wp-block-heading\">Qu\u00e9 dijo Morena Rial cuando le preguntaron por qu\u00e9 sale a robar<\/h2>\n\n\n\n<p><strong>Jorge Rial est\u00e1 devastado por la nueva detenci\u00f3n de su hija, Morena Rial<\/strong>. Sin embargo, no esquiv\u00f3 el esc\u00e1ndalo y dio la cara en su programa de<em>\u00a0Radio 10<\/em>, donde cont\u00f3 que la joven ser\u00eda trasladada a otra comisar\u00eda y que su \u00fanica prioridad es cuidar a su nieto de cuatro meses,\u00a0<strong>Amadeo.\u00a0<\/strong>\u201cSe va a quedar conmigo. Estoy velando por su salud y bienestar, que es lo que m\u00e1s importa. Volver\u00e9 a cambiar pa\u00f1ales, me hab\u00eda olvidado de todo eso. Mi hija Roc\u00edo y Mar\u00eda (su novia) me est\u00e1n ayudando.\u00a0<strong>Ojal\u00e1 esto le sirva para aprender<\/strong>, ya que no aprendi\u00f3 con los dos embarazos\u201d, expuso.<\/p>\n\n\n\n<p>En otra parte de su discurso,&nbsp;<strong>sac\u00f3 a la luz la justificaci\u00f3n de la joven cuando \u00e9l le consult\u00f3 por qu\u00e9 sal\u00eda a robar.&nbsp;<\/strong>\u201cElla me dijo que lo hizo porque no ten\u00eda otra cosa que hacer, laburar. Me indign\u00f3. Esa excusa no se la voy a aceptar nunca. No quiero que tenga privilegios, pero obviamente no la voy a abandonar\u201d, dispar\u00f3 molesto.<\/p>\n\n\n\n<figure class=\"wp-block-image\"><img decoding=\"async\" src=\"https:\/\/tn.com.ar\/resizer\/v2\/morena-rial-fue-nuevamente-detenida-este-miercoles-5-de-febrero-a-la-madrugada-foto-comisaria-san-isidro-S2BMCK7ZLJGWBHE36TJGUJAFMI.jpeg?auth=bb19539a9221921dc23cdb6125269dc86e1bde673f5ac23b2a8de1ac594207d3&amp;width=767\" alt=\"Morena Rial fue nuevamente detenida este mi\u00e9rcoles 5 de febrero a la madrugada. (Foto: Comisaria San Isidro)\"\/><\/figure>\n\n\n\n<p>Por \u00faltimo, se mostr\u00f3 decepcionado por la vida que eligi\u00f3 llevar la joven que con tanto amor adopt\u00f3 hace 26 a\u00f1os: \u201cNo hay manual para ser padre, hice todo lo posible, las cri\u00e9 iguales.&nbsp;<strong>Ella fue por otro camino que la llevo a alejarse de mi porque yo jam\u00e1s aprob\u00e9 su decisi\u00f3n de llevar una vida marginal.<\/strong>&nbsp;Nunca la dej\u00e9 a la buena de Dios. Son decisiones de vida, es mayor de edad, no puedo hacer absolutamente nada. Fui victima de estas actitudes marginales de mi hija y ahora siento verg\u00fcenza\u201d.<\/p>\n","protected":false},"excerpt":{"rendered":"<p>El conductor volvi\u00f3 a referirse a la detenci\u00f3n de su hija mayor y detall\u00f3 que ser\u00e1 indagada este jueves. Jorge Rial se siente muy cansado, pero feliz de haber podido&hellip; <\/p>\n","protected":false},"author":8,"featured_media":189051,"comment_status":"closed","ping_status":"open","sticky":false,"template":"","format":"standard","meta":{"footnotes":""},"categories":[19],"tags":[],"class_list":["post-189050","post","type-post","status-publish","format-standard","has-post-thumbnail","hentry","category-espectaculos"],"_links":{"self":[{"href":"https:\/\/corrientesdetarde.com\/index.php\/wp-json\/wp\/v2\/posts\/189050","targetHints":{"allow":["GET"]}}],"collection":[{"href":"https:\/\/corrientesdetarde.com\/index.php\/wp-json\/wp\/v2\/posts"}],"about":[{"href":"https:\/\/corrientesdetarde.com\/index.php\/wp-json\/wp\/v2\/types\/post"}],"author":[{"embeddable":true,"href":"https:\/\/corrientesdetarde.com\/index.php\/wp-json\/wp\/v2\/users\/8"}],"replies":[{"embeddable":true,"href":"https:\/\/corrientesdetarde.com\/index.php\/wp-json\/wp\/v2\/comments?post=189050"}],"version-history":[{"count":1,"href":"https:\/\/corrientesdetarde.com\/index.php\/wp-json\/wp\/v2\/posts\/189050\/revisions"}],"predecessor-version":[{"id":189052,"href":"https:\/\/corrientesdetarde.com\/index.php\/wp-json\/wp\/v2\/posts\/189050\/revisions\/189052"}],"wp:featuredmedia":[{"embeddable":true,"href":"https:\/\/corrientesdetarde.com\/index.php\/wp-json\/wp\/v2\/media\/189051"}],"wp:attachment":[{"href":"https:\/\/corrientesdetarde.com\/index.php\/wp-json\/wp\/v2\/media?parent=189050"}],"wp:term":[{"taxonomy":"category","embeddable":true,"href":"https:\/\/corrientesdetarde.com\/index.php\/wp-json\/wp\/v2\/categories?post=189050"},{"taxonomy":"post_tag","embeddable":true,"href":"https:\/\/corrientesdetarde.com\/index.php\/wp-json\/wp\/v2\/tags?post=189050"}],"curies":[{"name":"wp","href":"https:\/\/api.w.org\/{rel}","templated":true}]}}