{"id":189058,"date":"2025-02-06T15:38:30","date_gmt":"2025-02-06T18:38:30","guid":{"rendered":"https:\/\/corrientesdetarde.com\/?p=189058"},"modified":"2025-02-06T15:38:42","modified_gmt":"2025-02-06T18:38:42","slug":"donald-trump-envio-a-la-base-naval-de-guantanamo-a-10-miembros-de-la-banda-criminal-tren-de-aragua","status":"publish","type":"post","link":"https:\/\/corrientesdetarde.com\/index.php\/internacionales\/donald-trump-envio-a-la-base-naval-de-guantanamo-a-10-miembros-de-la-banda-criminal-tren-de-aragua\/","title":{"rendered":"Donald Trump envi\u00f3 a la base naval de Guant\u00e1namo a 10 miembros de la banda criminal \u201cTren de Aragua\u201d"},"content":{"rendered":"\n<p>Llegaron el martes al enclave militar estadounidense en Cuba. No se precis\u00f3 de qu\u00e9 delitos se los acusa.<\/p>\n\n\n\n<p>Diez miembros de la banda venezolana\u00a0Tren de Aragua, declarada terrorista por el gobierno de<strong>\u00a0Donald Trump<\/strong>, fueron enviados a la base naval estadounidense de Guant\u00e1namo, en Cuba. Lo inform\u00f3 este mi\u00e9rcoles la Casa Blanca. Se trata de\u00a0los primeros inmigrantes alojados en ese enclave militar\u00a0ubicado en el extremo este de la isla.<\/p>\n\n\n\n<p>\u201cLos primeros vuelos llegaron a la Bah\u00eda de Guant\u00e1namo ayer por la tarde desde El Paso\u201d, Texas. \u201cHab\u00eda diez miembros de la pandilla transnacional Tren de Aragua\u201d, declar\u00f3 la portavoz de la Casa Blanca,&nbsp;<strong>Karoline Leavitt<\/strong>, en rueda de prensa.<\/p>\n\n\n\n<p>Antes, el Pent\u00e1gono afirm\u00f3 que \u201cdiez extranjeros ilegales de alto riesgo\u201d llegaron a Guant\u00e1namo. \u201cEst\u00e1n actualmente alojados en instalaciones de detenci\u00f3n vac\u00edas\u201d, afirm\u00f3 el departamento de Defensa en un comunicado en el que<strong>&nbsp;no especifica los delitos<\/strong>&nbsp;de los que se les acusa.<\/p>\n\n\n\n<p>El Tren de Aragua es una banda criminal originada en la prisi\u00f3n de Aragua, en Venezuela, y que se ha expandido por todo el continente.<\/p>\n\n\n\n<h2 class=\"wp-block-heading\">Donald Trump quiere alojar a 30.000 migrantes en Guant\u00e1namo<\/h2>\n\n\n\n<p>La semana pasada, el presidente estadounidense\u00a0orden\u00f3 preparar las instalaciones para recibir a 30.000 migrantes\u00a0y asegur\u00f3 que enviar\u00e1 a \u201ccriminales\u201d en situaci\u00f3n irregular. El Pent\u00e1gono despleg\u00f3 a m\u00e1s de 150 militares para cumplir la tarea. Entre los efectivos desplegados se encuentran Infantes de Marina y otros militares del Comando Sur de EE.UU., encargado de Latinoam\u00e9rica.<\/p>\n\n\n\n<p>Los primeros detenidos llegaron este martes. \u201cEl Servicio de Inmigraci\u00f3n y Control de Aduanas de Estados Unidos toma esta medida para garantizar la detenci\u00f3n segura de estos individuos hasta que puedan ser transportados a su pa\u00eds de origen u otro destino apropiado\u201d, dijo el Departamento de Defensa.<\/p>\n\n\n\n<figure class=\"wp-block-image\"><img decoding=\"async\" src=\"https:\/\/tn.com.ar\/resizer\/v2\/supuestos-miembros-del-tren-de-aragua-se-aprestan-a-abordar-un-vuelo-militar-rumbo-a-la-base-de-guantanamo-foto-via-reuters-TGHLYJWBGAWYVBSATBBLA53UIQ.jpg?auth=9af74126be8c56ae0a623a08b5ce084731282841f3f5a9f5fa44b17185bc1f5e&amp;width=767\" alt=\"Supuestos miembros del Tren de Aragua se aprestan a abordar un vuelo militar rumbo a la base de Guant\u00e1namo (Foto: v\u00eda Reuters)\n\"\/><\/figure>\n\n\n\n<p>El gobierno del presidente venezolano&nbsp;<strong>Nicol\u00e1s Maduro<\/strong>, a quien Estados Unidos no reconoce por considerar fraudulenta su reelecci\u00f3n, se comprometi\u00f3 recientemente a aceptar el regreso de sus nacionales, incluidos pandilleros, expulsados de Estados Unidos.<\/p>\n\n\n\n<p>Trump lleva a cabo una operaci\u00f3n contra la inmigraci\u00f3n ilegal mediante redadas en varias ciudades y la revocaci\u00f3n de las v\u00edas legales migratorias de su predecesor Joe Biden.<\/p>\n\n\n\n<p>Desde que asumi\u00f3 Trump el 20 de enero,&nbsp;<strong>se detuvo a m\u00e1s de 8000 migrantes en situaci\u00f3n irregular<\/strong>, de los cuales se liber\u00f3 a 461 por diferentes motivos, explic\u00f3 la portavoz de la Casa Blanca.<\/p>\n\n\n\n<p>\u201cEs menos del 6% y hay razones\u201d como \u201cla falta de una probabilidad significativa de expulsi\u00f3n en el futuro\u201d, la escasez de instalaciones de detenci\u00f3n y \u201cotras condiciones m\u00e9dicas graves\u201d, dijo. \u201cPero ninguna de ellas tiene \u00f3rdenes de deportaci\u00f3n definitiva\u201d y muchos \u201cprobablemente est\u00e1n impugnando su estatus migratorio\u201d, precis\u00f3 el portavoz.<\/p>\n\n\n\n<p>La prisi\u00f3n de la bah\u00eda de Guant\u00e1namo fue inaugurada en 2002 como parte de la \u201cguerra contra el terrorismo\u201d declarada tras los atentados del 11 de septiembre de 2001. Desde entonces se ha utilizado para retener indefinidamente a prisioneros capturados durante guerras y otras operaciones. Tambi\u00e9n se ha utilizado para recluir a solicitantes de asilo y refugiados interceptados en el mar.<\/p>\n","protected":false},"excerpt":{"rendered":"<p>Llegaron el martes al enclave militar estadounidense en Cuba. No se precis\u00f3 de qu\u00e9 delitos se los acusa. Diez miembros de la banda venezolana\u00a0Tren de Aragua, declarada terrorista por el&hellip; <\/p>\n","protected":false},"author":8,"featured_media":189059,"comment_status":"closed","ping_status":"open","sticky":false,"template":"","format":"standard","meta":{"footnotes":""},"categories":[11],"tags":[],"class_list":["post-189058","post","type-post","status-publish","format-standard","has-post-thumbnail","hentry","category-internacionales"],"_links":{"self":[{"href":"https:\/\/corrientesdetarde.com\/index.php\/wp-json\/wp\/v2\/posts\/189058","targetHints":{"allow":["GET"]}}],"collection":[{"href":"https:\/\/corrientesdetarde.com\/index.php\/wp-json\/wp\/v2\/posts"}],"about":[{"href":"https:\/\/corrientesdetarde.com\/index.php\/wp-json\/wp\/v2\/types\/post"}],"author":[{"embeddable":true,"href":"https:\/\/corrientesdetarde.com\/index.php\/wp-json\/wp\/v2\/users\/8"}],"replies":[{"embeddable":true,"href":"https:\/\/corrientesdetarde.com\/index.php\/wp-json\/wp\/v2\/comments?post=189058"}],"version-history":[{"count":1,"href":"https:\/\/corrientesdetarde.com\/index.php\/wp-json\/wp\/v2\/posts\/189058\/revisions"}],"predecessor-version":[{"id":189060,"href":"https:\/\/corrientesdetarde.com\/index.php\/wp-json\/wp\/v2\/posts\/189058\/revisions\/189060"}],"wp:featuredmedia":[{"embeddable":true,"href":"https:\/\/corrientesdetarde.com\/index.php\/wp-json\/wp\/v2\/media\/189059"}],"wp:attachment":[{"href":"https:\/\/corrientesdetarde.com\/index.php\/wp-json\/wp\/v2\/media?parent=189058"}],"wp:term":[{"taxonomy":"category","embeddable":true,"href":"https:\/\/corrientesdetarde.com\/index.php\/wp-json\/wp\/v2\/categories?post=189058"},{"taxonomy":"post_tag","embeddable":true,"href":"https:\/\/corrientesdetarde.com\/index.php\/wp-json\/wp\/v2\/tags?post=189058"}],"curies":[{"name":"wp","href":"https:\/\/api.w.org\/{rel}","templated":true}]}}