{"id":189061,"date":"2025-02-06T15:41:47","date_gmt":"2025-02-06T18:41:47","guid":{"rendered":"https:\/\/corrientesdetarde.com\/?p=189061"},"modified":"2025-02-06T15:41:59","modified_gmt":"2025-02-06T18:41:59","slug":"la-policia-de-goya-recupero-motocicleta-sustraida","status":"publish","type":"post","link":"https:\/\/corrientesdetarde.com\/index.php\/interior\/la-policia-de-goya-recupero-motocicleta-sustraida\/","title":{"rendered":"La polic\u00eda de Goya recuper\u00f3 motocicleta sustra\u00edda"},"content":{"rendered":"\n<p>Personal de la Comisar\u00eda 1ra. de Goya, recuper\u00f3 en la ma\u00f1ana de este mi\u00e9rcoles una motocicleta HONDA WAVE, que fuera sustra\u00edda en la siesta del lunes. El hecho ocurri\u00f3 por calle Pueyrred\u00f3n casi 9 de Julio en zona sur de Goya, entre las 14 y las 15 Hs., momento en el cual la propietaria del rodado la hab\u00eda dejado estacionada fuera de su domicilio y al salir se dio cuenta que no estaba m\u00e1s.<br><br>Una vez radicada la denuncia, personal de la Cria 1ra, inicio la investigaci\u00f3n, con el an\u00e1lisis de c\u00e1maras de seguridad y averiguaciones con vecinos, se pudo establecer que una persona estaba intentando vender la moto que hab\u00eda sido sustra\u00edda.<br><br>En la ma\u00f1ana de hoy, ya con la venia judicial, se acercaron al domicilio de este sujeto, ubicado en calle Per\u00fa, en zona este de la ciudad de Goya, lugar en donde se encontraba la moto, por lo que se procedi\u00f3 al secuestro de la misma y a la aprehensi\u00f3n del sospechoso.<br><br>La persona, de apellido Ben\u00edtez, de 23 a\u00f1os de edad, qued\u00f3 alojada en la Comisar\u00eda mencionada, mientras que la motocicleta fue trasladada a la Cria 3ra de esta ciudad, que lleva adelante las actuaciones judiciales.<br><br>Nuevamente, el compromiso ciudadano fue de vital importancia en el esclarecimiento del presente hecho, ya que los vecinos aportaron importantes datos acerca del mismo.<\/p>\n","protected":false},"excerpt":{"rendered":"<p>Personal de la Comisar\u00eda 1ra. de Goya, recuper\u00f3 en la ma\u00f1ana de este mi\u00e9rcoles una motocicleta HONDA WAVE, que fuera sustra\u00edda en la siesta del lunes. El hecho ocurri\u00f3 por&hellip; <\/p>\n","protected":false},"author":8,"featured_media":189062,"comment_status":"closed","ping_status":"open","sticky":false,"template":"","format":"standard","meta":{"footnotes":""},"categories":[1658],"tags":[],"class_list":["post-189061","post","type-post","status-publish","format-standard","has-post-thumbnail","hentry","category-interior"],"_links":{"self":[{"href":"https:\/\/corrientesdetarde.com\/index.php\/wp-json\/wp\/v2\/posts\/189061","targetHints":{"allow":["GET"]}}],"collection":[{"href":"https:\/\/corrientesdetarde.com\/index.php\/wp-json\/wp\/v2\/posts"}],"about":[{"href":"https:\/\/corrientesdetarde.com\/index.php\/wp-json\/wp\/v2\/types\/post"}],"author":[{"embeddable":true,"href":"https:\/\/corrientesdetarde.com\/index.php\/wp-json\/wp\/v2\/users\/8"}],"replies":[{"embeddable":true,"href":"https:\/\/corrientesdetarde.com\/index.php\/wp-json\/wp\/v2\/comments?post=189061"}],"version-history":[{"count":1,"href":"https:\/\/corrientesdetarde.com\/index.php\/wp-json\/wp\/v2\/posts\/189061\/revisions"}],"predecessor-version":[{"id":189063,"href":"https:\/\/corrientesdetarde.com\/index.php\/wp-json\/wp\/v2\/posts\/189061\/revisions\/189063"}],"wp:featuredmedia":[{"embeddable":true,"href":"https:\/\/corrientesdetarde.com\/index.php\/wp-json\/wp\/v2\/media\/189062"}],"wp:attachment":[{"href":"https:\/\/corrientesdetarde.com\/index.php\/wp-json\/wp\/v2\/media?parent=189061"}],"wp:term":[{"taxonomy":"category","embeddable":true,"href":"https:\/\/corrientesdetarde.com\/index.php\/wp-json\/wp\/v2\/categories?post=189061"},{"taxonomy":"post_tag","embeddable":true,"href":"https:\/\/corrientesdetarde.com\/index.php\/wp-json\/wp\/v2\/tags?post=189061"}],"curies":[{"name":"wp","href":"https:\/\/api.w.org\/{rel}","templated":true}]}}