{"id":189068,"date":"2025-02-06T18:55:11","date_gmt":"2025-02-06T21:55:11","guid":{"rendered":"https:\/\/corrientesdetarde.com\/?p=189068"},"modified":"2025-02-06T18:55:12","modified_gmt":"2025-02-06T21:55:12","slug":"parana-realizara-la-fiesta-nacional-del-mate","status":"publish","type":"post","link":"https:\/\/corrientesdetarde.com\/index.php\/eventossociedad\/parana-realizara-la-fiesta-nacional-del-mate\/","title":{"rendered":"Paran\u00e1 realizar\u00e1 la Fiesta Nacional del Mate"},"content":{"rendered":"\n<p>La Fiesta Nacional del Mate, que se celebrar\u00e1 el pr\u00f3ximo fin de semana en Paran\u00e1, Entre R\u00edos, se prepara para recibir a miles de turistas de todo el pa\u00eds en su 34\u00b0 edici\u00f3n. Este evento, que se realizar\u00e1 el 7 y 8 de febrero, se caracteriza por su oferta de m\u00fasica, cultura y tradici\u00f3n, adem\u00e1s de ser una plataforma para dar a conocer las \u00faltimas novedades relacionadas con el mate, la infusi\u00f3n m\u00e1s popular de Argentina.<\/p>\n\n\n\n<figure class=\"wp-block-image size-full\"><img loading=\"lazy\" decoding=\"async\" width=\"760\" height=\"427\" src=\"https:\/\/corrientesdetarde.com\/wp-content\/uploads\/2025\/02\/image-222.png\" alt=\"\" class=\"wp-image-189072\" srcset=\"https:\/\/corrientesdetarde.com\/wp-content\/uploads\/2025\/02\/image-222.png 760w, https:\/\/corrientesdetarde.com\/wp-content\/uploads\/2025\/02\/image-222-300x169.png 300w\" sizes=\"auto, (max-width: 760px) 100vw, 760px\" \/><\/figure>\n\n\n\n<p><\/p>\n\n\n\n<p>Durante los dos d\u00edas del evento, los asistentes podr\u00e1n disfrutar de actuaciones de artistas nacionales, como Luciano Pereyra, Luck Ra, Babas\u00f3nicos y Zoe Gotusso, entre otros.<\/p>\n\n\n\n<p>Adem\u00e1s, se realizar\u00e1 el tradicional Concurso de Cebadores, en el que participar\u00e1n los finalistas de diferentes festivales de verano en los barrios de la ciudad. Los ganadores recibir\u00e1n premios, como viajes a R\u00edo de Janeiro y Bariloche.<\/p>\n\n\n\n<p>El mate, bebida originaria de la regi\u00f3n del Cono Sur, tom\u00f3 popularidad a nivel mundial, impulsado por figuras internacionales como el futbolista Lionel Messi y el piloto de F\u00f3rmula 1 Franco Colapinto.<\/p>\n\n\n\n<p>Su consumo aument\u00f3 en pa\u00edses como M\u00e9xico y Estados Unidos, y se expandi\u00f3 en mercados nuevos, como Rep\u00fablica Checa, Tailandia y Nueva Zelanda. La infusi\u00f3n se destaca por sus propiedades energ\u00e9ticas y antioxidantes, y las diversas formas de preparaci\u00f3n permitieron adaptarla a los gustos internacionales.<\/p>\n\n\n\n<p>Contar\u00e1 con un espacio comercial y cultural, con la presencia de m\u00e1s de 35 emprendedores, artesanos y yerbateros. Adem\u00e1s, se organizar\u00e1n charlas sobre el mate en relaci\u00f3n con temas como la literatura, la gastronom\u00eda, la historia y el deporte.&nbsp;<\/p>\n","protected":false},"excerpt":{"rendered":"<p>La Fiesta Nacional del Mate, que se celebrar\u00e1 el pr\u00f3ximo fin de semana en Paran\u00e1, Entre R\u00edos, se prepara para recibir a miles de turistas de todo el pa\u00eds en&hellip; <\/p>\n","protected":false},"author":1,"featured_media":189073,"comment_status":"closed","ping_status":"open","sticky":false,"template":"","format":"standard","meta":{"footnotes":""},"categories":[1208],"tags":[],"class_list":["post-189068","post","type-post","status-publish","format-standard","has-post-thumbnail","hentry","category-eventossociedad"],"_links":{"self":[{"href":"https:\/\/corrientesdetarde.com\/index.php\/wp-json\/wp\/v2\/posts\/189068","targetHints":{"allow":["GET"]}}],"collection":[{"href":"https:\/\/corrientesdetarde.com\/index.php\/wp-json\/wp\/v2\/posts"}],"about":[{"href":"https:\/\/corrientesdetarde.com\/index.php\/wp-json\/wp\/v2\/types\/post"}],"author":[{"embeddable":true,"href":"https:\/\/corrientesdetarde.com\/index.php\/wp-json\/wp\/v2\/users\/1"}],"replies":[{"embeddable":true,"href":"https:\/\/corrientesdetarde.com\/index.php\/wp-json\/wp\/v2\/comments?post=189068"}],"version-history":[{"count":1,"href":"https:\/\/corrientesdetarde.com\/index.php\/wp-json\/wp\/v2\/posts\/189068\/revisions"}],"predecessor-version":[{"id":189074,"href":"https:\/\/corrientesdetarde.com\/index.php\/wp-json\/wp\/v2\/posts\/189068\/revisions\/189074"}],"wp:featuredmedia":[{"embeddable":true,"href":"https:\/\/corrientesdetarde.com\/index.php\/wp-json\/wp\/v2\/media\/189073"}],"wp:attachment":[{"href":"https:\/\/corrientesdetarde.com\/index.php\/wp-json\/wp\/v2\/media?parent=189068"}],"wp:term":[{"taxonomy":"category","embeddable":true,"href":"https:\/\/corrientesdetarde.com\/index.php\/wp-json\/wp\/v2\/categories?post=189068"},{"taxonomy":"post_tag","embeddable":true,"href":"https:\/\/corrientesdetarde.com\/index.php\/wp-json\/wp\/v2\/tags?post=189068"}],"curies":[{"name":"wp","href":"https:\/\/api.w.org\/{rel}","templated":true}]}}