{"id":189213,"date":"2025-02-07T20:07:23","date_gmt":"2025-02-07T23:07:23","guid":{"rendered":"https:\/\/corrientesdetarde.com\/?p=189213"},"modified":"2025-02-07T20:07:35","modified_gmt":"2025-02-07T23:07:35","slug":"valdes-entrego-viviendas-en-san-luis-del-palmar-y-anuncio-la-construccion-de-50-mas","status":"publish","type":"post","link":"https:\/\/corrientesdetarde.com\/index.php\/locales\/valdes-entrego-viviendas-en-san-luis-del-palmar-y-anuncio-la-construccion-de-50-mas\/","title":{"rendered":"Vald\u00e9s entreg\u00f3 viviendas en San Luis del Palmar y anunci\u00f3 la construcci\u00f3n de 50 m\u00e1s"},"content":{"rendered":"\n<p>El gobernador Gustavo Vald\u00e9s lleg\u00f3 este viernes por la ma\u00f1ana a San Luis del Palmar, donde entreg\u00f3 10 viviendas del Programa O\u00f1ondiv\u00e9 en el barrio San Benito, oportunidad en la cual anunci\u00f3 la construcci\u00f3n de 50 unidades habitacionales m\u00e1s en la localidad y remarc\u00f3, adem\u00e1s, que el Gobierno de Corrientes lleva distribuidos hasta el momento, alrededor de 500 hogares para familias con integrantes con discapacidad en todo el territorio provincial. Seguidamente, inaugur\u00f3 el Paseo de Artesanos y Emprendedores en la plaza Ferr\u00e9, donde asegur\u00f3, en este marco, que &#8220;estamos construyendo un San Luis diferente&#8221;.<\/p>\n\n\n\n<figure class=\"wp-block-image size-large\"><img loading=\"lazy\" decoding=\"async\" width=\"1024\" height=\"677\" src=\"https:\/\/corrientesdetarde.com\/wp-content\/uploads\/2025\/02\/image-264-1024x677.png\" alt=\"\" class=\"wp-image-189219\" srcset=\"https:\/\/corrientesdetarde.com\/wp-content\/uploads\/2025\/02\/image-264-1024x677.png 1024w, https:\/\/corrientesdetarde.com\/wp-content\/uploads\/2025\/02\/image-264-300x198.png 300w, https:\/\/corrientesdetarde.com\/wp-content\/uploads\/2025\/02\/image-264-768x508.png 768w, https:\/\/corrientesdetarde.com\/wp-content\/uploads\/2025\/02\/image-264.png 1352w\" sizes=\"auto, (max-width: 1024px) 100vw, 1024px\" \/><\/figure>\n\n\n\n<p>Comenzado el primer acto, las familias sanluise\u00f1as recibieron inicialmente la bendici\u00f3n del cura p\u00e1rroco Epifianio Barrios, antes del ingreso a sus ansiados y flamantes hogares. Luego, tras el discurso de las autoridades presentes, se llev\u00f3 adelante el tradicional corte de cintas y recorrida por las nuevas soluciones habitacionales, tras la entrega de llaves y carpetas a los adjudicatarios.<\/p>\n\n\n\n<p><strong>Programa O\u00f1ondiv\u00e9<\/strong><\/p>\n\n\n\n<p>El Plan Provincial de O\u00f1ondiv\u00e9 se administra y gestiona a trav\u00e9s del Instituto de Vivienda de Corrientes en coordinaci\u00f3n con los Municipios, los cuales aportan terrenos de su propiedad, dotados de infraestructura b\u00e1sica y aseguran la provisi\u00f3n de mano de obra para la ejecuci\u00f3n de los m\u00f3dulos b\u00e1sicos.<\/p>\n\n\n\n<p>Cabe remarcar que, por medio del ministerio de Desarrollo Social, las soluciones habitacionales se entregan totalmente amuebladas y con los electrodom\u00e9sticos necesarios para el desenvolvimiento de las familias dentro del hogar.<\/p>\n\n\n\n<p><strong>Articulaci\u00f3n y recursos genuinos<\/strong><\/p>\n\n\n\n<p>\u201cCuando nos propusimos resolver las cuestiones de viviendas, ten\u00edamos que ir a Buenos Aires a pedirlas. Siempre nos dec\u00edan que no se pueden hacer las cosas, encontr\u00e1bamos obst\u00e1culos. Hoy Buenos Aires ya no paga viviendas: el Fondo Nacional de Viviendas env\u00eda muy pocos recursos. Pero nosotros no pod\u00edamos quedarnos de brazos cruzados, y salimos a crear un programa en conjunto con el Invico y los intendentes, que es el O\u00f1ondiv\u00e9\u201d, record\u00f3, inicialmente el gobernador Gustavo Vald\u00e9s durante el acto en el cual se entregaron las llaves y las carpetas a los beneficiarios de las 10 nuevas viviendas en la localidad de San Luis del Palmar.<\/p>\n\n\n\n<p>\u201cMuchas veces podemos tener la plata para hacer las casas, pero nos falta la mano de obra. Ten\u00edamos que contar con un programa provincial para poder hacerlas\u201d, apunt\u00f3. As\u00ed, destac\u00f3 el sistema por el cual la provincia aporta los recursos y materiales, el Invico suma la direcci\u00f3n t\u00e9cnica de las obras, mientras que el municipio aporta los terrenos. \u201cY con eso, nos tenemos que juntar y arremangarnos\u201d, subray\u00f3 el gobernador.<\/p>\n\n\n\n<p>Con ayuda de los adjudicatarios y los trabajadores municipales, se van concretando esas casas que responden a un d\u00e9ficit social a\u00fan mayor. \u201cA veces el entusiasmo ayuda mucho, no es solo hacer fuerza, sino tambi\u00e9n acompa\u00f1ar, acercar agua, una torta frita a quienes est\u00e1n edificando\u201d, grafic\u00f3 Vald\u00e9s, a la vez que destac\u00f3 experiencias en las que son las \u201cmujeres mbaret\u00e9 quienes construyen sus propias casas\u201d.<\/p>\n\n\n\n<p>En ese sentido, tambi\u00e9n destac\u00f3 que las viviendas se entregan a las familias con muebles hechos con madera correntina, adem\u00e1s de electrodom\u00e9sticos como cocina y heladera. \u201cPodemos cambiar la econom\u00eda de esas familias que dejan de alquilar\u201d, destac\u00f3 el gobernador.<\/p>\n\n\n\n<p>As\u00ed, anunci\u00f3 la construcci\u00f3n de otras 10 viviendas con ese mismo sistema en el barrio que los vecinos dieron a llamar \u201cSan Benito\u201d.<\/p>\n\n\n\n<p><strong>Adjudicatarios con discapacidad y anuncio de m\u00e1s hogares<\/strong><\/p>\n\n\n\n<p>\u201cEstamos priorizando a las familias que tienen chicos con discapacidad en estos programas. En Corrientes hab\u00eda familias con hasta tres chicos con estas condiciones y sin vivienda. Y encontr\u00e1bamos a madres que fueron abandonadas y peleaban solas por sus familias. A todas esas mujeres y chicos le estamos dando una vivienda: ya llevamos 500 familias en esta situaci\u00f3n\u201d, manifest\u00f3 Vald\u00e9s, a la vez que anunci\u00f3 la construcci\u00f3n de otras 50 casas en un barrio cercano en la misma localidad.<\/p>\n\n\n\n<p><strong>Ensanchamiento de la Ruta 5<\/strong><\/p>\n\n\n\n<p>Al final del acto de entrega de viviendas, el gobernador inst\u00f3 a las familias beneficiarias a \u201cenviar a los chicos y j\u00f3venes a completar sus estudios primarios y secundarios, solo as\u00ed podemos salir adelante\u201d; sostuvo. Asimismo, ratific\u00f3 el respaldo del gobierno provincial con m\u00e1s obras que se est\u00e1n llevando adelante en San Luis: \u201cEstamos haciendo el ensachamiento de la ruta 5 y tambi\u00e9n las banquinas seguras. De manera que los sanluise\u00f1os y los capitalinos, en este Gran Corrientes, podamos darnos un abrazo m\u00e1s seguro\u201d, se\u00f1al\u00f3 el gobernador.<\/p>\n\n\n\n<p><strong>Barrio \u201cSan Benito\u201d, el nombre elegido por los vecinos<\/strong><\/p>\n\n\n\n<p>Para Reni Buj\u00e1n, el intendente de San Luis del Palmar, el sentimiento compartido con sus vecinos es de \u201cgran orgullo\u201d por la visita del gobernador y por formar parte del pueblo peregrino.<\/p>\n\n\n\n<p>\u201cYa tenemos nombre\u201d, anunci\u00f3 el intendente, \u201clos vecinos lo eligieron por mayor\u00eda, se va a llamar Barrio San Benito\u201d, coment\u00f3.&nbsp; \u201cNo ten\u00edamos otro barrio en la localidad que llevara ese nombre. Tomaron la decisi\u00f3n en conjunto y eso es importante\u201d, destac\u00f3.<\/p>\n\n\n\n<p>\u201cSiempre detr\u00e1s de todo esto estuvieron los futuros propietarios, s\u00e9 de la ansiedad que ten\u00edan, que preguntaban d\u00eda tras d\u00eda. Hoy lleg\u00f3 y espero que disfruten, que lo cuiden, sabemos que hay un gran esfuerzo de todos y una gran inversi\u00f3n de la provincia\u201d, sostuvo el Intendente, a la vez que agradeci\u00f3 al personal de Obras p\u00fablicas que aport\u00f3 su esfuerzo para la construcci\u00f3n. \u201cGracias al aporte de este Gobernador que tenemos, y la gentileza de seguir dando m\u00e1s casas para San Luis del Palmar, se puede concretar un hecho como este\u201d, dijo al final.<\/p>\n\n\n\n<p><strong>Ad\u00e1n Gaya y Lizardo Gonz\u00e1lez<\/strong><\/p>\n\n\n\n<p>El ministro de Desarrollo Social, Ad\u00e1n Gaya, valor\u00f3 el trabajo conjunto de las \u00e1reas de Gobierno con las familias adjudicatarias y asistentes sociales, en el marco del Programa O\u00f1ondiv\u00e9, destacando la entrega de las mismas viviendas ya amuebladas y con electrodom\u00e9sticos \u201cpara que el grupo familiar pueda transitar su &nbsp;vida bajo un techo digno, y as\u00ed lleve adelante un hogar\u201d.<\/p>\n\n\n\n<p>Por su parte, el interventor del Invico, Lizardo Gonz\u00e1lez, resalt\u00f3 la decisi\u00f3n pol\u00edtica del gobernador Vald\u00e9s de apostar por el programa O\u00f1ondiv\u00e9 y el trabajo mancomunado entre el Invico, Desarrollo Social y los Municipios para llevar adelante la ejecuci\u00f3n de estos m\u00f3dulos habitacionales a lo largo y ancho de la provincia.<\/p>\n\n\n\n<p><strong>PASEO DE ARTESANOS Y EMPRENDEDORES<\/strong><\/p>\n\n\n\n<p>Posteriormente, el gobernador Gustavo Vald\u00e9s se dirigi\u00f3 hacia la Plaza Ferr\u00e9, donde encabez\u00f3 la inauguraci\u00f3n del Paseo de Artesanos y Emprendores, quinto centro de comercializaci\u00f3n para apoyar a los feriantes correntinos.<\/p>\n\n\n\n<p>\u201cEs un d\u00eda alegr\u00eda para San Luis del Palmar, sobre todo para los emprendedores que est\u00e1n teniendo su casa propia\u201d, describi\u00f3 durante la inauguraci\u00f3n del paseo gastron\u00f3mico y de artesan\u00edas el intendente Reni Buj\u00e1n.<\/p>\n\n\n\n<p>\u201cArrancaron siendo 20 emprendedores, que feriaban en plazas o en las fiestas patronales, y ahora estamos en torno a los 100\u201d, destac\u00f3 el jefe comunal sanluise\u00f1o, a la vez que resalt\u00f3 que los emprendedores locales constituyen \u201cun ejemplo de vida: cuando uno quiere trabajar busca la vuelta, no hay excusa con decir no hay trabajo\u201d, sostuvo, en tanto agradeci\u00f3 el respaldo del gobierno provincial para la incitativa.<\/p>\n\n\n\n<p>Tras al corte de cintas del nuevo espacio, el gobernador tambi\u00e9n celebr\u00f3 que \u201ca cada visita a San Luis del Palmar, se lo nota m\u00e1s lindo, mas ordenado. Se nota que San Luis est\u00e1 cambiando\u201d, asegur\u00f3.<\/p>\n\n\n\n<p>En ese sentido, proyect\u00f3&nbsp; para la localidad un \u201cSan Luis diferente, con un circuito tur\u00edstico, para ofrecer lo mejor a quienes no lo conocen y que aquellos peque\u00f1os emprendedores que est\u00e1n haciendo algo grande para su ciudad y sus familias tengan oportunidades\u201d, sostuvo.<\/p>\n\n\n\n<p>Al respecto, record\u00f3 que el gobierno provincial apuesta desde distintos programas a \u201ctener la esperanza y darles una mano, para generar a los emprendedores una oportunidad\u201d,&nbsp; dijo, a la vez que valor\u00f3 la labor del equipo del Ministerio de Desarrollo Social en la tarea de organizar y potenciar a esos peque\u00f1os emprendedores.<\/p>\n\n\n\n<p>Al final, Vald\u00e9s puso como ejemplo al crecimiento sostenido y el trabajo realizado por la Red de Cocineros del Iber\u00e1, a quienes \u201cno muchos conoc\u00edan, pero cada vez m\u00e1s vemos que nuestra gastronom\u00eda se est\u00e1 imponiendo, en la Fiesta del Chamam\u00e9 se ven esos resultados, donde sus productos ya forman parte de nuestra m\u00fasica, nuestra lengua y la forma que tenemos de abrazarnos y caminar juntos\u201d, destac\u00f3.<\/p>\n\n\n\n<p><strong>Ad\u00e1n Gaya<\/strong><\/p>\n\n\n\n<p>Al tomar la palabra, el titular de Desarrollo Social, Ad\u00e1n Gaya valor\u00f3, en primera instancia, la decisi\u00f3n pol\u00edtica del gobernador Vald\u00e9s de trabajar permanentemente con los emprendedores. Asimismo, dio cuenta que este nuevo Paseo es el quinto centro de comercializaci\u00f3n \u201cque venimos llevando adelante, entre Capital y el Interior\u201d.<\/p>\n\n\n\n<p>\u201cContamos con m\u00e1s de 10mil emprendedores registrados en la provincia y generamos estos espacios para el acompa\u00f1amiento a quienes quieran salir adelante a partir de su esfuerzo y sacrificio\u201d, a\u00f1adi\u00f3 el titular de la cartera, en el marco del acto.<\/p>\n\n\n\n<p><strong>Presencias<\/strong><\/p>\n\n\n\n<p>Acompa\u00f1aron a las mencionadas autoridades: ministros, legisladores, secretarios, subsecretarios e intendentes de zonas aleda\u00f1as.<\/p>\n","protected":false},"excerpt":{"rendered":"<p>El gobernador Gustavo Vald\u00e9s lleg\u00f3 este viernes por la ma\u00f1ana a San Luis del Palmar, donde entreg\u00f3 10 viviendas del Programa O\u00f1ondiv\u00e9 en el barrio San Benito, oportunidad en la&hellip; <\/p>\n","protected":false},"author":4,"featured_media":189220,"comment_status":"closed","ping_status":"open","sticky":false,"template":"","format":"standard","meta":{"footnotes":""},"categories":[23,8],"tags":[],"class_list":["post-189213","post","type-post","status-publish","format-standard","has-post-thumbnail","hentry","category-actualidad","category-locales"],"_links":{"self":[{"href":"https:\/\/corrientesdetarde.com\/index.php\/wp-json\/wp\/v2\/posts\/189213","targetHints":{"allow":["GET"]}}],"collection":[{"href":"https:\/\/corrientesdetarde.com\/index.php\/wp-json\/wp\/v2\/posts"}],"about":[{"href":"https:\/\/corrientesdetarde.com\/index.php\/wp-json\/wp\/v2\/types\/post"}],"author":[{"embeddable":true,"href":"https:\/\/corrientesdetarde.com\/index.php\/wp-json\/wp\/v2\/users\/4"}],"replies":[{"embeddable":true,"href":"https:\/\/corrientesdetarde.com\/index.php\/wp-json\/wp\/v2\/comments?post=189213"}],"version-history":[{"count":1,"href":"https:\/\/corrientesdetarde.com\/index.php\/wp-json\/wp\/v2\/posts\/189213\/revisions"}],"predecessor-version":[{"id":189221,"href":"https:\/\/corrientesdetarde.com\/index.php\/wp-json\/wp\/v2\/posts\/189213\/revisions\/189221"}],"wp:featuredmedia":[{"embeddable":true,"href":"https:\/\/corrientesdetarde.com\/index.php\/wp-json\/wp\/v2\/media\/189220"}],"wp:attachment":[{"href":"https:\/\/corrientesdetarde.com\/index.php\/wp-json\/wp\/v2\/media?parent=189213"}],"wp:term":[{"taxonomy":"category","embeddable":true,"href":"https:\/\/corrientesdetarde.com\/index.php\/wp-json\/wp\/v2\/categories?post=189213"},{"taxonomy":"post_tag","embeddable":true,"href":"https:\/\/corrientesdetarde.com\/index.php\/wp-json\/wp\/v2\/tags?post=189213"}],"curies":[{"name":"wp","href":"https:\/\/api.w.org\/{rel}","templated":true}]}}