{"id":189225,"date":"2025-02-07T20:22:59","date_gmt":"2025-02-07T23:22:59","guid":{"rendered":"https:\/\/corrientesdetarde.com\/?p=189225"},"modified":"2025-02-07T20:24:31","modified_gmt":"2025-02-07T23:24:31","slug":"mas-de-200-adultos-mayores-participan-de-la-colonia-de-vacaciones-de-desarrollo-social","status":"publish","type":"post","link":"https:\/\/corrientesdetarde.com\/index.php\/locales\/mas-de-200-adultos-mayores-participan-de-la-colonia-de-vacaciones-de-desarrollo-social\/","title":{"rendered":"M\u00e1s de 200 adultos mayores participan de la Colonia de Vacaciones de Desarrollo Social"},"content":{"rendered":"\n<p>Centenares de adultos mayores asistieron este viernes 7 por la ma\u00f1ana, a las instalaciones del Club INVICO ubicado en&nbsp; Renacimiento 468 en el Barrio Quintana con el fin de participar de la Colonia de Vacaciones.<\/p>\n\n\n\n<p>La actividad es organizada por el \u00c1rea de Adultos Mayores dependiente de la Direcci\u00f3n de los Derechos de la Ni\u00f1ez y la Familia del Ministerio de Desarrollo Social y een donde acompa\u00f1\u00f3 la jornada, la&nbsp;Coordinadora del \u00c1rea de Adultos Mayores,&nbsp;Lic Nelly Pintos.<\/p>\n\n\n\n<figure class=\"wp-block-image size-full\"><img loading=\"lazy\" decoding=\"async\" width=\"680\" height=\"789\" src=\"https:\/\/corrientesdetarde.com\/wp-content\/uploads\/2025\/02\/image-265.png\" alt=\"\" class=\"wp-image-189226\" srcset=\"https:\/\/corrientesdetarde.com\/wp-content\/uploads\/2025\/02\/image-265.png 680w, https:\/\/corrientesdetarde.com\/wp-content\/uploads\/2025\/02\/image-265-259x300.png 259w\" sizes=\"auto, (max-width: 680px) 100vw, 680px\" \/><\/figure>\n\n\n\n<p>En la oportunidad, se desarrollaron diversas actividades recreativas, juegos pasivos cognitivos con pelota, dados gigantes&nbsp;y en la pileta acuagym con flota flota.<\/p>\n\n\n\n<p>M\u00e1s de doscientos abuelos participan de la Colonia donde los juegos en la pileta son los m\u00e1s convocantes., al finalizar la jornada &nbsp;se les distribuy\u00f3 agua mineral y bandejas saludables compartiendo un almuerzo comunitario.<\/p>\n\n\n\n<figure class=\"wp-block-image size-full\"><img loading=\"lazy\" decoding=\"async\" width=\"674\" height=\"852\" src=\"https:\/\/corrientesdetarde.com\/wp-content\/uploads\/2025\/02\/image-266.png\" alt=\"\" class=\"wp-image-189227\" srcset=\"https:\/\/corrientesdetarde.com\/wp-content\/uploads\/2025\/02\/image-266.png 674w, https:\/\/corrientesdetarde.com\/wp-content\/uploads\/2025\/02\/image-266-237x300.png 237w\" sizes=\"auto, (max-width: 674px) 100vw, 674px\" \/><\/figure>\n\n\n\n<p>La Colonia tendr\u00e1 lugar en el Club Invico destinada a personas mayores de 60 a\u00f1os que se inscribieron en forma on line, la&nbsp;misma se desarrollar\u00e1 todos los d\u00edas viernes del mes de febrero, desde las 08.30 a 12.00 horas, brindando a los Adultos mayores la posibilidad de disfrutar de la pileta y de otras actividades recreativas (bailes, juegos, gimnasia pasiva y acu\u00e1tica).<\/p>\n\n\n\n<p>Las actividades estar\u00e1n a cargo de profesores especiales quienes realizar\u00e1n durante la Colonia de vacaciones: Aquagym, baile, juegos l\u00fadicos&nbsp;y competencia grupales.<\/p>\n\n\n\n<figure class=\"wp-block-image size-full\"><img loading=\"lazy\" decoding=\"async\" width=\"678\" height=\"909\" src=\"https:\/\/corrientesdetarde.com\/wp-content\/uploads\/2025\/02\/image-267.png\" alt=\"\" class=\"wp-image-189228\" srcset=\"https:\/\/corrientesdetarde.com\/wp-content\/uploads\/2025\/02\/image-267.png 678w, https:\/\/corrientesdetarde.com\/wp-content\/uploads\/2025\/02\/image-267-224x300.png 224w\" sizes=\"auto, (max-width: 678px) 100vw, 678px\" \/><\/figure>\n","protected":false},"excerpt":{"rendered":"<p>Centenares de adultos mayores asistieron este viernes 7 por la ma\u00f1ana, a las instalaciones del Club INVICO ubicado en&nbsp; Renacimiento 468 en el Barrio Quintana con el fin de participar&hellip; <\/p>\n","protected":false},"author":4,"featured_media":189229,"comment_status":"closed","ping_status":"open","sticky":false,"template":"","format":"standard","meta":{"footnotes":""},"categories":[8],"tags":[],"class_list":["post-189225","post","type-post","status-publish","format-standard","has-post-thumbnail","hentry","category-locales"],"_links":{"self":[{"href":"https:\/\/corrientesdetarde.com\/index.php\/wp-json\/wp\/v2\/posts\/189225","targetHints":{"allow":["GET"]}}],"collection":[{"href":"https:\/\/corrientesdetarde.com\/index.php\/wp-json\/wp\/v2\/posts"}],"about":[{"href":"https:\/\/corrientesdetarde.com\/index.php\/wp-json\/wp\/v2\/types\/post"}],"author":[{"embeddable":true,"href":"https:\/\/corrientesdetarde.com\/index.php\/wp-json\/wp\/v2\/users\/4"}],"replies":[{"embeddable":true,"href":"https:\/\/corrientesdetarde.com\/index.php\/wp-json\/wp\/v2\/comments?post=189225"}],"version-history":[{"count":1,"href":"https:\/\/corrientesdetarde.com\/index.php\/wp-json\/wp\/v2\/posts\/189225\/revisions"}],"predecessor-version":[{"id":189230,"href":"https:\/\/corrientesdetarde.com\/index.php\/wp-json\/wp\/v2\/posts\/189225\/revisions\/189230"}],"wp:featuredmedia":[{"embeddable":true,"href":"https:\/\/corrientesdetarde.com\/index.php\/wp-json\/wp\/v2\/media\/189229"}],"wp:attachment":[{"href":"https:\/\/corrientesdetarde.com\/index.php\/wp-json\/wp\/v2\/media?parent=189225"}],"wp:term":[{"taxonomy":"category","embeddable":true,"href":"https:\/\/corrientesdetarde.com\/index.php\/wp-json\/wp\/v2\/categories?post=189225"},{"taxonomy":"post_tag","embeddable":true,"href":"https:\/\/corrientesdetarde.com\/index.php\/wp-json\/wp\/v2\/tags?post=189225"}],"curies":[{"name":"wp","href":"https:\/\/api.w.org\/{rel}","templated":true}]}}