{"id":189238,"date":"2025-02-07T20:51:21","date_gmt":"2025-02-07T23:51:21","guid":{"rendered":"https:\/\/corrientesdetarde.com\/?p=189238"},"modified":"2025-02-07T20:51:32","modified_gmt":"2025-02-07T23:51:32","slug":"corrientes-vive-sus-carnavales-barriales-con-una-mirada-sustentable-2","status":"publish","type":"post","link":"https:\/\/corrientesdetarde.com\/index.php\/cultura\/corrientes-vive-sus-carnavales-barriales-con-una-mirada-sustentable-2\/","title":{"rendered":"Corrientes vive sus carnavales barriales con una mirada sustentable"},"content":{"rendered":"\n<p><em>Los Carnavales Barriales de la capital correntina se destacan por las actividades de preservaci\u00f3n del ambiente. Los integrantes de las comparsas y agrupaciones participaron de diferentes talleres a lo largo del a\u00f1o pasado para poder confeccionar sus trajes con materiales reciclables. El martes 11 el cors\u00f3dromo itinerante se trasladar\u00e1 al barrio 17 de Agosto.<\/em><\/p>\n\n\n\n<p><\/p>\n\n\n\n<figure class=\"wp-block-embed is-type-video is-provider-youtube wp-block-embed-youtube wp-embed-aspect-16-9 wp-has-aspect-ratio\"><div class=\"wp-block-embed__wrapper\">\n<iframe loading=\"lazy\" title=\"Corrientes vive sus carnavales barriales con una mirada sustentable\" width=\"1110\" height=\"624\" src=\"https:\/\/www.youtube.com\/embed\/7-ynv2J3vAU?feature=oembed\" frameborder=\"0\" allow=\"accelerometer; autoplay; clipboard-write; encrypted-media; gyroscope; picture-in-picture; web-share\" referrerpolicy=\"strict-origin-when-cross-origin\" allowfullscreen><\/iframe>\n<\/div><\/figure>\n","protected":false},"excerpt":{"rendered":"<p>Los Carnavales Barriales de la capital correntina se destacan por las actividades de preservaci\u00f3n del ambiente. Los integrantes de las comparsas y agrupaciones participaron de diferentes talleres a lo largo&hellip; <\/p>\n","protected":false},"author":4,"featured_media":189239,"comment_status":"closed","ping_status":"open","sticky":false,"template":"","format":"standard","meta":{"footnotes":""},"categories":[23,15],"tags":[],"class_list":["post-189238","post","type-post","status-publish","format-standard","has-post-thumbnail","hentry","category-actualidad","category-cultura"],"_links":{"self":[{"href":"https:\/\/corrientesdetarde.com\/index.php\/wp-json\/wp\/v2\/posts\/189238","targetHints":{"allow":["GET"]}}],"collection":[{"href":"https:\/\/corrientesdetarde.com\/index.php\/wp-json\/wp\/v2\/posts"}],"about":[{"href":"https:\/\/corrientesdetarde.com\/index.php\/wp-json\/wp\/v2\/types\/post"}],"author":[{"embeddable":true,"href":"https:\/\/corrientesdetarde.com\/index.php\/wp-json\/wp\/v2\/users\/4"}],"replies":[{"embeddable":true,"href":"https:\/\/corrientesdetarde.com\/index.php\/wp-json\/wp\/v2\/comments?post=189238"}],"version-history":[{"count":2,"href":"https:\/\/corrientesdetarde.com\/index.php\/wp-json\/wp\/v2\/posts\/189238\/revisions"}],"predecessor-version":[{"id":189241,"href":"https:\/\/corrientesdetarde.com\/index.php\/wp-json\/wp\/v2\/posts\/189238\/revisions\/189241"}],"wp:featuredmedia":[{"embeddable":true,"href":"https:\/\/corrientesdetarde.com\/index.php\/wp-json\/wp\/v2\/media\/189239"}],"wp:attachment":[{"href":"https:\/\/corrientesdetarde.com\/index.php\/wp-json\/wp\/v2\/media?parent=189238"}],"wp:term":[{"taxonomy":"category","embeddable":true,"href":"https:\/\/corrientesdetarde.com\/index.php\/wp-json\/wp\/v2\/categories?post=189238"},{"taxonomy":"post_tag","embeddable":true,"href":"https:\/\/corrientesdetarde.com\/index.php\/wp-json\/wp\/v2\/tags?post=189238"}],"curies":[{"name":"wp","href":"https:\/\/api.w.org\/{rel}","templated":true}]}}